{"id":965,"date":"2022-03-01T06:18:51","date_gmt":"2022-03-01T05:18:51","guid":{"rendered":"https:\/\/emaus18.pl\/?p=965"},"modified":"2022-03-01T06:18:52","modified_gmt":"2022-03-01T05:18:52","slug":"promujemy-przedsiebiorczosc-spoleczna-wsrod-mlodych","status":"publish","type":"post","link":"https:\/\/emaus18.pl\/?p=965","title":{"rendered":"Promujemy przedsi\u0119biorczo\u015b\u0107 spo\u0142eczn\u0105 w\u015br\u00f3d m\u0142odych"},"content":{"rendered":"\n<p><strong>Dzi\u0119kujemy za udzia\u0142 w owocnym spotkaniu. Co\u015b z tego na pewno b\u0119dzie.&nbsp;<\/strong><strong><\/strong><\/p>\n\n\n\n<p>Promujemy przedsi\u0119biorczo\u015b\u0107 spo\u0142eczn\u0105 w\u015br\u00f3d m\u0142odych! <img loading=\"lazy\" decoding=\"async\" height=\"16\" width=\"16\" src=\"https:\/\/zasobygwp.pl\/proxy?sig=f0ba7b6784077c28cd22d7c3a8a9ba869da34cac8922b0b3a3ecf165549bfac6&amp;url=aHR0cHM6Ly9zdGF0aWMueHguZmJjZG4ubmV0L2ltYWdlcy9lbW9qaS5waHAvdjkvdGM2LzEuNS8xNi8xZjk3My5wbmc=\" alt=\"\ud83e\udd73\"><br>Za nami spotkanie ze <a href=\"https:\/\/www.facebook.com\/SzkolnaGieldaPracy\/?__cft__[0]=AZXhel6rcfb8iajGqQjFrOPXi-iHI9cIbaIvotPP75AUglAGWiCo5r3v6qg_SalWLUw3aKHjlRehFBxcwYybqvawyGr2WLailf_8Wmas9oAN7Ujq6kJqNSibVkdZgWE1W5EiDSrGWWuN2oacuhiLdIksnkrH9Vw2ap2nVi--iAl7OLCo1KaQHRfEWmF-Vmk3tLZAcRhgfafE9kYRxhbvx2ifiZb1KVfM7buIwQCemVkP3Q&amp;__tn__=kK-y-R\">Szkolna Gie\u0142da Pracy<\/a> &#8211; inicjatyw\u0105 wymy\u015blon\u0105 przez uczni\u00f3w szk\u00f3\u0142 \u015brednich pragn\u0105cych zdoby\u0107 do\u015bwiadczenie zawodowe<img loading=\"lazy\" decoding=\"async\" height=\"16\" width=\"16\" src=\"https:\/\/zasobygwp.pl\/proxy?sig=5035c60c068fd004c738a4d5bf8c1fff2ad923afe38d82428aa7fc89ddec17cc&amp;url=aHR0cHM6Ly9zdGF0aWMueHguZmJjZG4ubmV0L2ltYWdlcy9lbW9qaS5waHAvdjkvdDVjLzEuNS8xNi8xZjkyZC5wbmc=\" alt=\"\ud83e\udd2d\"><br>Ma\u0142opolskie Podmioty Ekonomii Spo\u0142ecznej maj\u0105 oferty:<br><img loading=\"lazy\" decoding=\"async\" height=\"16\" width=\"16\" src=\"https:\/\/zasobygwp.pl\/proxy?sig=ad4adaab76243d3f1d024dd11faa398dd4a12d8478c12ce4e694cb8beb59ecaf&amp;url=aHR0cHM6Ly9zdGF0aWMueHguZmJjZG4ubmV0L2ltYWdlcy9lbW9qaS5waHAvdjkvdDg2LzEuNS8xNi8xZjRjZC5wbmc=\" alt=\"\ud83d\udccd\"> pracy,<br><img loading=\"lazy\" decoding=\"async\" height=\"16\" width=\"16\" src=\"https:\/\/zasobygwp.pl\/proxy?sig=ad4adaab76243d3f1d024dd11faa398dd4a12d8478c12ce4e694cb8beb59ecaf&amp;url=aHR0cHM6Ly9zdGF0aWMueHguZmJjZG4ubmV0L2ltYWdlcy9lbW9qaS5waHAvdjkvdDg2LzEuNS8xNi8xZjRjZC5wbmc=\" alt=\"\ud83d\udccd\">sta\u017cu,<br><img loading=\"lazy\" decoding=\"async\" height=\"16\" width=\"16\" src=\"https:\/\/zasobygwp.pl\/proxy?sig=ad4adaab76243d3f1d024dd11faa398dd4a12d8478c12ce4e694cb8beb59ecaf&amp;url=aHR0cHM6Ly9zdGF0aWMueHguZmJjZG4ubmV0L2ltYWdlcy9lbW9qaS5waHAvdjkvdDg2LzEuNS8xNi8xZjRjZC5wbmc=\" alt=\"\ud83d\udccd\">praktyk czy<br><img loading=\"lazy\" decoding=\"async\" height=\"16\" width=\"16\" src=\"https:\/\/zasobygwp.pl\/proxy?sig=ad4adaab76243d3f1d024dd11faa398dd4a12d8478c12ce4e694cb8beb59ecaf&amp;url=aHR0cHM6Ly9zdGF0aWMueHguZmJjZG4ubmV0L2ltYWdlcy9lbW9qaS5waHAvdjkvdDg2LzEuNS8xNi8xZjRjZC5wbmc=\" alt=\"\ud83d\udccd\">wolontariatu<br>tak\u017ce dla m\u0142odych ludzi!!!<img loading=\"lazy\" decoding=\"async\" height=\"16\" width=\"16\" src=\"https:\/\/zasobygwp.pl\/proxy?sig=a91a2bed47f8ae81dacf17bdba2e10c96f02074efc755002d4f85f202d5c1df1&amp;url=aHR0cHM6Ly9zdGF0aWMueHguZmJjZG4ubmV0L2ltYWdlcy9lbW9qaS5waHAvdjkvdGJkLzEuNS8xNi8xZjkxZC5wbmc=\" alt=\"\ud83e\udd1d\"><br>Ju\u017c nied\u0142ugo zostan\u0105 umieszczone na portalu &#8211; <a href=\"https:\/\/szkolnagieldapracy.pl\/?fbclid=IwAR0xilYhNbCVWfnRbQlTAGxffsfeW6dOiIlYjAa7RSeOSySK-eH2EJFdDhg\">https:\/\/szkolnagieldapracy.pl\/<\/a>, a 10 marca na Fb zapraszamy na &#8222;wirtualne targi pracy&#8221;, w kt\u00f3rych wezm\u0105 udzia\u0142 uczniowie z Ma\u0142opolski oraz ich przyszli pracodawcy z sektora ekonomii spo\u0142ecznej.<br>Dzi\u0119kujemy za udzia\u0142:<br><a href=\"https:\/\/www.facebook.com\/Dolinarabypl\/?__cft__[0]=AZXhel6rcfb8iajGqQjFrOPXi-iHI9cIbaIvotPP75AUglAGWiCo5r3v6qg_SalWLUw3aKHjlRehFBxcwYybqvawyGr2WLailf_8Wmas9oAN7Ujq6kJqNSibVkdZgWE1W5EiDSrGWWuN2oacuhiLdIksnkrH9Vw2ap2nVi--iAl7OLCo1KaQHRfEWmF-Vmk3tLZAcRhgfafE9kYRxhbvx2ifiZb1KVfM7buIwQCemVkP3Q&amp;__tn__=kK-y-R\">dolinaraby.pl<\/a><a href=\"https:\/\/www.facebook.com\/Warsztat-Terapii-Zaj%C4%99ciowej-Stowarzyszenia-EMAUS-583414155019304\/?__cft__[0]=AZXhel6rcfb8iajGqQjFrOPXi-iHI9cIbaIvotPP75AUglAGWiCo5r3v6qg_SalWLUw3aKHjlRehFBxcwYybqvawyGr2WLailf_8Wmas9oAN7Ujq6kJqNSibVkdZgWE1W5EiDSrGWWuN2oacuhiLdIksnkrH9Vw2ap2nVi--iAl7OLCo1KaQHRfEWmF-Vmk3tLZAcRhgfafE9kYRxhbvx2ifiZb1KVfM7buIwQCemVkP3Q&amp;__tn__=kK-y-R\">Warsztat Terapii Zaj\u0119ciowej Stowarzyszenia EMAUS<\/a> , <a href=\"https:\/\/www.facebook.com\/tcfhub\/?__cft__[0]=AZXhel6rcfb8iajGqQjFrOPXi-iHI9cIbaIvotPP75AUglAGWiCo5r3v6qg_SalWLUw3aKHjlRehFBxcwYybqvawyGr2WLailf_8Wmas9oAN7Ujq6kJqNSibVkdZgWE1W5EiDSrGWWuN2oacuhiLdIksnkrH9Vw2ap2nVi--iAl7OLCo1KaQHRfEWmF-Vmk3tLZAcRhgfafE9kYRxhbvx2ifiZb1KVfM7buIwQCemVkP3Q&amp;__tn__=kK-y-R\">TCF HUB<\/a> , Fundacja OnLife, <a href=\"https:\/\/www.facebook.com\/U-Pana-Cogito-Pensjonat-i-Restauracja-1431751887133599\/?__cft__[0]=AZXhel6rcfb8iajGqQjFrOPXi-iHI9cIbaIvotPP75AUglAGWiCo5r3v6qg_SalWLUw3aKHjlRehFBxcwYybqvawyGr2WLailf_8Wmas9oAN7Ujq6kJqNSibVkdZgWE1W5EiDSrGWWuN2oacuhiLdIksnkrH9Vw2ap2nVi--iAl7OLCo1KaQHRfEWmF-Vmk3tLZAcRhgfafE9kYRxhbvx2ifiZb1KVfM7buIwQCemVkP3Q&amp;__tn__=kK-y-R\">U Pana Cogito Pensjonat i Restauracja<\/a>, <a href=\"https:\/\/www.facebook.com\/FundacjaJMP\/?__cft__[0]=AZXhel6rcfb8iajGqQjFrOPXi-iHI9cIbaIvotPP75AUglAGWiCo5r3v6qg_SalWLUw3aKHjlRehFBxcwYybqvawyGr2WLailf_8Wmas9oAN7Ujq6kJqNSibVkdZgWE1W5EiDSrGWWuN2oacuhiLdIksnkrH9Vw2ap2nVi--iAl7OLCo1KaQHRfEWmF-Vmk3tLZAcRhgfafE9kYRxhbvx2ifiZb1KVfM7buIwQCemVkP3Q&amp;__tn__=kK-y-R\">Fundacja JMP<\/a>, <a href=\"https:\/\/www.facebook.com\/stowarzyszeniemanko\/?__cft__[0]=AZXhel6rcfb8iajGqQjFrOPXi-iHI9cIbaIvotPP75AUglAGWiCo5r3v6qg_SalWLUw3aKHjlRehFBxcwYybqvawyGr2WLailf_8Wmas9oAN7Ujq6kJqNSibVkdZgWE1W5EiDSrGWWuN2oacuhiLdIksnkrH9Vw2ap2nVi--iAl7OLCo1KaQHRfEWmF-Vmk3tLZAcRhgfafE9kYRxhbvx2ifiZb1KVfM7buIwQCemVkP3Q&amp;__tn__=kK-y-R\">Stowarzyszenie MANKO<\/a> , <a href=\"https:\/\/www.facebook.com\/FundacjaREPI\/?__cft__[0]=AZXhel6rcfb8iajGqQjFrOPXi-iHI9cIbaIvotPP75AUglAGWiCo5r3v6qg_SalWLUw3aKHjlRehFBxcwYybqvawyGr2WLailf_8Wmas9oAN7Ujq6kJqNSibVkdZgWE1W5EiDSrGWWuN2oacuhiLdIksnkrH9Vw2ap2nVi--iAl7OLCo1KaQHRfEWmF-Vmk3tLZAcRhgfafE9kYRxhbvx2ifiZb1KVfM7buIwQCemVkP3Q&amp;__tn__=kK-y-R\">Fundacja REPI &#8211; Fundacja Rozwoju Edukacji, Pracy, Integracji<\/a> , <a href=\"https:\/\/www.facebook.com\/SpoldzielniaSocjalnaSerwis\/?__cft__[0]=AZXhel6rcfb8iajGqQjFrOPXi-iHI9cIbaIvotPP75AUglAGWiCo5r3v6qg_SalWLUw3aKHjlRehFBxcwYybqvawyGr2WLailf_8Wmas9oAN7Ujq6kJqNSibVkdZgWE1W5EiDSrGWWuN2oacuhiLdIksnkrH9Vw2ap2nVi--iAl7OLCo1KaQHRfEWmF-Vmk3tLZAcRhgfafE9kYRxhbvx2ifiZb1KVfM7buIwQCemVkP3Q&amp;__tn__=kK-y-R\">Sp\u00f3\u0142dzielnia Socjalna SerwiS<\/a> , <a href=\"https:\/\/www.facebook.com\/smakigoscinca\/?__cft__[0]=AZXhel6rcfb8iajGqQjFrOPXi-iHI9cIbaIvotPP75AUglAGWiCo5r3v6qg_SalWLUw3aKHjlRehFBxcwYybqvawyGr2WLailf_8Wmas9oAN7Ujq6kJqNSibVkdZgWE1W5EiDSrGWWuN2oacuhiLdIksnkrH9Vw2ap2nVi--iAl7OLCo1KaQHRfEWmF-Vmk3tLZAcRhgfafE9kYRxhbvx2ifiZb1KVfM7buIwQCemVkP3Q&amp;__tn__=kK-y-R\">Smaki Go\u015bci\u0144ca<\/a> , <a href=\"https:\/\/www.facebook.com\/MISTiA.Krakow\/?__cft__[0]=AZXhel6rcfb8iajGqQjFrOPXi-iHI9cIbaIvotPP75AUglAGWiCo5r3v6qg_SalWLUw3aKHjlRehFBxcwYybqvawyGr2WLailf_8Wmas9oAN7Ujq6kJqNSibVkdZgWE1W5EiDSrGWWuN2oacuhiLdIksnkrH9Vw2ap2nVi--iAl7OLCo1KaQHRfEWmF-Vmk3tLZAcRhgfafE9kYRxhbvx2ifiZb1KVfM7buIwQCemVkP3Q&amp;__tn__=kK-y-R\">FRDL MISTiA<\/a><\/p>\n\n\n\n<figure class=\"wp-block-image size-full\"><img loading=\"lazy\" decoding=\"async\" width=\"354\" height=\"354\" src=\"https:\/\/emaus18.pl\/wp-content\/uploads\/2022\/03\/2.jpg\" alt=\"\" class=\"wp-image-966\" srcset=\"https:\/\/emaus18.pl\/wp-content\/uploads\/2022\/03\/2.jpg 354w, https:\/\/emaus18.pl\/wp-content\/uploads\/2022\/03\/2-300x300.jpg 300w, https:\/\/emaus18.pl\/wp-content\/uploads\/2022\/03\/2-150x150.jpg 150w\" sizes=\"(max-width: 354px) 100vw, 354px\" \/><\/figure>\n","protected":false},"excerpt":{"rendered":"<p>Dzi\u0119kujemy za udzia\u0142 w owocnym spotkaniu. Co\u015b z tego na pewno b\u0119dzie.&nbsp; Promujemy przedsi\u0119biorczo\u015b\u0107 spo\u0142eczn\u0105 w\u015br\u00f3d m\u0142odych! Za nami spotkanie ze Szkolna Gie\u0142da Pracy &#8211; inicjatyw\u0105 wymy\u015blon\u0105 przez uczni\u00f3w szk\u00f3\u0142 \u015brednich pragn\u0105cych zdoby\u0107 do\u015bwiadczenie zawodoweMa\u0142opolskie Podmioty Ekonomii Spo\u0142ecznej maj\u0105 oferty: pracy,sta\u017cu,praktyk czywolontariatutak\u017ce dla m\u0142odych ludzi!!!Ju\u017c nied\u0142ugo zostan\u0105 umieszczone na portalu &#8211; https:\/\/szkolnagieldapracy.pl\/, a 10 marca [&hellip;]<\/p>\n","protected":false},"author":2,"featured_media":966,"comment_status":"closed","ping_status":"closed","sticky":false,"template":"","format":"standard","meta":{"_et_pb_use_builder":"off","_et_pb_old_content":"","_et_gb_content_width":"1080","footnotes":""},"categories":[4],"tags":[],"class_list":["post-965","post","type-post","status-publish","format-standard","has-post-thumbnail","hentry","category-aktualnosci"],"_links":{"self":[{"href":"https:\/\/emaus18.pl\/index.php?rest_route=\/wp\/v2\/posts\/965","targetHints":{"allow":["GET"]}}],"collection":[{"href":"https:\/\/emaus18.pl\/index.php?rest_route=\/wp\/v2\/posts"}],"about":[{"href":"https:\/\/emaus18.pl\/index.php?rest_route=\/wp\/v2\/types\/post"}],"author":[{"embeddable":true,"href":"https:\/\/emaus18.pl\/index.php?rest_route=\/wp\/v2\/users\/2"}],"replies":[{"embeddable":true,"href":"https:\/\/emaus18.pl\/index.php?rest_route=%2Fwp%2Fv2%2Fcomments&post=965"}],"version-history":[{"count":1,"href":"https:\/\/emaus18.pl\/index.php?rest_route=\/wp\/v2\/posts\/965\/revisions"}],"predecessor-version":[{"id":967,"href":"https:\/\/emaus18.pl\/index.php?rest_route=\/wp\/v2\/posts\/965\/revisions\/967"}],"wp:featuredmedia":[{"embeddable":true,"href":"https:\/\/emaus18.pl\/index.php?rest_route=\/wp\/v2\/media\/966"}],"wp:attachment":[{"href":"https:\/\/emaus18.pl\/index.php?rest_route=%2Fwp%2Fv2%2Fmedia&parent=965"}],"wp:term":[{"taxonomy":"category","embeddable":true,"href":"https:\/\/emaus18.pl\/index.php?rest_route=%2Fwp%2Fv2%2Fcategories&post=965"},{"taxonomy":"post_tag","embeddable":true,"href":"https:\/\/emaus18.pl\/index.php?rest_route=%2Fwp%2Fv2%2Ftags&post=965"}],"curies":[{"name":"wp","href":"https:\/\/api.w.org\/{rel}","templated":true}]}}