{"id":9293,"date":"2024-09-19T14:17:45","date_gmt":"2024-09-19T12:17:45","guid":{"rendered":"https:\/\/emaus18.pl\/?p=9293"},"modified":"2024-09-19T14:17:47","modified_gmt":"2024-09-19T12:17:47","slug":"spotkanie-w-fundacji-przestrzen-rozwoju","status":"publish","type":"post","link":"https:\/\/emaus18.pl\/?p=9293","title":{"rendered":"Spotkanie w Fundacji Przestrze\u0144 Rozwoju"},"content":{"rendered":"\n<p>Wczorajsze spotkanie w Fundacja Przestrze\u0144 Rozwoju na warsztatach strategicznych dotycz\u0105cych budowania koalicji w ramach projektu &#8222;Porozmawiajmy o integracji&#8221; by\u0142o owocne i pozwoli\u0142o zdiagnozowa\u0107 problemy, z kt\u00f3rymi borykaj\u0105 si\u0119 r\u00f3\u017cne podmioty reintegracji spo\u0142ecznej. Mamy nadziej\u0119, \u017ce podczas nast\u0119pnego spotkania znajdziemy rozwi\u0105zania tych naszych trudnych spraw.\ud83d\ude00<\/p>\n\n\n\n<figure class=\"wp-block-gallery has-nested-images columns-default is-cropped wp-block-gallery-1 is-layout-flex wp-block-gallery-is-layout-flex\">\n<figure class=\"wp-block-image size-large\"><img loading=\"lazy\" decoding=\"async\" width=\"1000\" height=\"750\" data-id=\"9295\" src=\"https:\/\/emaus18.pl\/wp-content\/uploads\/2024\/09\/01-12.jpg\" alt=\"\" class=\"wp-image-9295\" srcset=\"https:\/\/emaus18.pl\/wp-content\/uploads\/2024\/09\/01-12.jpg 1000w, https:\/\/emaus18.pl\/wp-content\/uploads\/2024\/09\/01-12-980x735.jpg 980w, https:\/\/emaus18.pl\/wp-content\/uploads\/2024\/09\/01-12-480x360.jpg 480w\" sizes=\"(min-width: 0px) and (max-width: 480px) 480px, (min-width: 481px) and (max-width: 980px) 980px, (min-width: 981px) 1000px, 100vw\" \/><\/figure>\n\n\n\n<figure class=\"wp-block-image size-large\"><img loading=\"lazy\" decoding=\"async\" width=\"1000\" height=\"990\" data-id=\"9296\" src=\"https:\/\/emaus18.pl\/wp-content\/uploads\/2024\/09\/02-10.jpg\" alt=\"\" class=\"wp-image-9296\" srcset=\"https:\/\/emaus18.pl\/wp-content\/uploads\/2024\/09\/02-10.jpg 1000w, https:\/\/emaus18.pl\/wp-content\/uploads\/2024\/09\/02-10-980x970.jpg 980w, https:\/\/emaus18.pl\/wp-content\/uploads\/2024\/09\/02-10-480x475.jpg 480w\" sizes=\"(min-width: 0px) and (max-width: 480px) 480px, (min-width: 481px) and (max-width: 980px) 980px, (min-width: 981px) 1000px, 100vw\" \/><\/figure>\n<\/figure>\n","protected":false},"excerpt":{"rendered":"<p>Wczorajsze spotkanie w Fundacja Przestrze\u0144 Rozwoju na warsztatach strategicznych dotycz\u0105cych budowania koalicji w ramach projektu &#8222;Porozmawiajmy o integracji&#8221; by\u0142o owocne i pozwoli\u0142o zdiagnozowa\u0107 problemy, z kt\u00f3rymi borykaj\u0105 si\u0119 r\u00f3\u017cne podmioty reintegracji spo\u0142ecznej. Mamy nadziej\u0119, \u017ce podczas nast\u0119pnego spotkania znajdziemy rozwi\u0105zania tych naszych trudnych spraw.\ud83d\ude00<\/p>\n","protected":false},"author":2,"featured_media":9295,"comment_status":"closed","ping_status":"closed","sticky":false,"template":"","format":"standard","meta":{"_et_pb_use_builder":"off","_et_pb_old_content":"","_et_gb_content_width":"1080","footnotes":""},"categories":[4],"tags":[],"class_list":["post-9293","post","type-post","status-publish","format-standard","has-post-thumbnail","hentry","category-aktualnosci"],"_links":{"self":[{"href":"https:\/\/emaus18.pl\/index.php?rest_route=\/wp\/v2\/posts\/9293","targetHints":{"allow":["GET"]}}],"collection":[{"href":"https:\/\/emaus18.pl\/index.php?rest_route=\/wp\/v2\/posts"}],"about":[{"href":"https:\/\/emaus18.pl\/index.php?rest_route=\/wp\/v2\/types\/post"}],"author":[{"embeddable":true,"href":"https:\/\/emaus18.pl\/index.php?rest_route=\/wp\/v2\/users\/2"}],"replies":[{"embeddable":true,"href":"https:\/\/emaus18.pl\/index.php?rest_route=%2Fwp%2Fv2%2Fcomments&post=9293"}],"version-history":[{"count":2,"href":"https:\/\/emaus18.pl\/index.php?rest_route=\/wp\/v2\/posts\/9293\/revisions"}],"predecessor-version":[{"id":9297,"href":"https:\/\/emaus18.pl\/index.php?rest_route=\/wp\/v2\/posts\/9293\/revisions\/9297"}],"wp:featuredmedia":[{"embeddable":true,"href":"https:\/\/emaus18.pl\/index.php?rest_route=\/wp\/v2\/media\/9295"}],"wp:attachment":[{"href":"https:\/\/emaus18.pl\/index.php?rest_route=%2Fwp%2Fv2%2Fmedia&parent=9293"}],"wp:term":[{"taxonomy":"category","embeddable":true,"href":"https:\/\/emaus18.pl\/index.php?rest_route=%2Fwp%2Fv2%2Fcategories&post=9293"},{"taxonomy":"post_tag","embeddable":true,"href":"https:\/\/emaus18.pl\/index.php?rest_route=%2Fwp%2Fv2%2Ftags&post=9293"}],"curies":[{"name":"wp","href":"https:\/\/api.w.org\/{rel}","templated":true}]}}