{"id":9271,"date":"2024-09-17T17:26:49","date_gmt":"2024-09-17T15:26:49","guid":{"rendered":"https:\/\/emaus18.pl\/?p=9271"},"modified":"2024-09-17T17:26:56","modified_gmt":"2024-09-17T15:26:56","slug":"zapraszamy-na-diecezjalna-pielgrzymke-osob-chorych-i-niepelnosprawnych-2","status":"publish","type":"post","link":"https:\/\/emaus18.pl\/?p=9271","title":{"rendered":"Zapraszamy na Diecezjaln\u0105 Pielgrzymk\u0119 Os\u00f3b Chorych i Niepe\u0142nosprawnych"},"content":{"rendered":"\n<p>W imieniu Caritas Archidiecezji Krakowskiej zapraszamy na Diecezjaln\u0105 Pielgrzymk\u0119 Os\u00f3b Chorych i Niepe\u0142nosprawnych.<\/p>\n\n\n\n<figure class=\"wp-block-image size-full\"><img loading=\"lazy\" decoding=\"async\" width=\"700\" height=\"1000\" src=\"https:\/\/emaus18.pl\/wp-content\/uploads\/2024\/09\/02-6.jpg\" alt=\"\" class=\"wp-image-9272\" srcset=\"https:\/\/emaus18.pl\/wp-content\/uploads\/2024\/09\/02-6.jpg 700w, https:\/\/emaus18.pl\/wp-content\/uploads\/2024\/09\/02-6-480x686.jpg 480w\" sizes=\"(min-width: 0px) and (max-width: 480px) 480px, (min-width: 481px) 700px, 100vw\" \/><\/figure>\n","protected":false},"excerpt":{"rendered":"<p>W imieniu Caritas Archidiecezji Krakowskiej zapraszamy na Diecezjaln\u0105 Pielgrzymk\u0119 Os\u00f3b Chorych i Niepe\u0142nosprawnych.<\/p>\n","protected":false},"author":2,"featured_media":9272,"comment_status":"closed","ping_status":"closed","sticky":false,"template":"","format":"standard","meta":{"_et_pb_use_builder":"off","_et_pb_old_content":"","_et_gb_content_width":"1080","footnotes":""},"categories":[4],"tags":[],"class_list":["post-9271","post","type-post","status-publish","format-standard","has-post-thumbnail","hentry","category-aktualnosci"],"_links":{"self":[{"href":"https:\/\/emaus18.pl\/index.php?rest_route=\/wp\/v2\/posts\/9271","targetHints":{"allow":["GET"]}}],"collection":[{"href":"https:\/\/emaus18.pl\/index.php?rest_route=\/wp\/v2\/posts"}],"about":[{"href":"https:\/\/emaus18.pl\/index.php?rest_route=\/wp\/v2\/types\/post"}],"author":[{"embeddable":true,"href":"https:\/\/emaus18.pl\/index.php?rest_route=\/wp\/v2\/users\/2"}],"replies":[{"embeddable":true,"href":"https:\/\/emaus18.pl\/index.php?rest_route=%2Fwp%2Fv2%2Fcomments&post=9271"}],"version-history":[{"count":1,"href":"https:\/\/emaus18.pl\/index.php?rest_route=\/wp\/v2\/posts\/9271\/revisions"}],"predecessor-version":[{"id":9273,"href":"https:\/\/emaus18.pl\/index.php?rest_route=\/wp\/v2\/posts\/9271\/revisions\/9273"}],"wp:featuredmedia":[{"embeddable":true,"href":"https:\/\/emaus18.pl\/index.php?rest_route=\/wp\/v2\/media\/9272"}],"wp:attachment":[{"href":"https:\/\/emaus18.pl\/index.php?rest_route=%2Fwp%2Fv2%2Fmedia&parent=9271"}],"wp:term":[{"taxonomy":"category","embeddable":true,"href":"https:\/\/emaus18.pl\/index.php?rest_route=%2Fwp%2Fv2%2Fcategories&post=9271"},{"taxonomy":"post_tag","embeddable":true,"href":"https:\/\/emaus18.pl\/index.php?rest_route=%2Fwp%2Fv2%2Ftags&post=9271"}],"curies":[{"name":"wp","href":"https:\/\/api.w.org\/{rel}","templated":true}]}}