{"id":9038,"date":"2024-07-02T11:13:53","date_gmt":"2024-07-02T09:13:53","guid":{"rendered":"https:\/\/emaus18.pl\/?p=9038"},"modified":"2024-07-02T11:13:54","modified_gmt":"2024-07-02T09:13:54","slug":"zachecamy-do-udzialu-w-badaniu-potrzeb-osob-z-niepelnosprawnoscia","status":"publish","type":"post","link":"https:\/\/emaus18.pl\/?p=9038","title":{"rendered":"Zach\u0119camy do udzia\u0142u w badaniu potrzeb os\u00f3b z niepe\u0142nosprawno\u015bci\u0105"},"content":{"rendered":"\n<p>Je\u015bli chcemy co\u015b zmieni\u0107 to mo\u017cemy to zrobi\u0107 informuj\u0105c o tym co mog\u0142oby by\u0107 lepiej, inaczej- dlatego zach\u0119camy do udzia\u0142u w badaniu potrzeb os\u00f3b z niepe\u0142nosprawno\u015bci\u0105 oraz os\u00f3b nara\u017conych na wykluczenie.<\/p>\n\n\n\n<p>Celem projektu \u201cPubliczna przestrze\u0144 inkluzywna &#8211; \u201cW\u0141\u0105cznik\u201d realizowanym przez Uniwersytet Jagiello\u0144ski jest popularyzacja idei inkluzywno\u015bci oraz korzy\u015bci spo\u0142ecznych\/obywatelskich\/psychologicznych, p\u0142yn\u0105cych ze stworzenia przestrzeni inkluzywnej, kt\u00f3ra b\u0119dzie pe\u0142ni\u0142a rol\u0119 miejsca do zabawy, rekreacji i wypoczynku oraz b\u0119dzie dost\u0119pna dla wszystkich os\u00f3b, w tym dzieci i os\u00f3b doros\u0142ych ze specyficznymi potrzebami. Przestrze\u0144 b\u0119dzie pomaga\u0107 rozwija\u0107 i wspiera\u0107 kluczowe potrzeby i umiej\u0119tno\u015bci poznawcze, emocjonalne oraz spo\u0142eczne wszystkich os\u00f3b, kt\u00f3re b\u0119d\u0105 wypoczywa\u0107 i bawi\u0107 si\u0119 razem w jednym miejscu.<\/p>\n\n\n\n<p>W projekt zaanga\u017cowany jest Zarz\u0105d Zieleni Miejskiej, Wydzia\u0142 Polityki Spo\u0142ecznej i Zdrowia, krakowska fundacja Brak barier.<\/p>\n\n\n\n<figure class=\"wp-block-image size-full\"><img loading=\"lazy\" decoding=\"async\" width=\"708\" height=\"1000\" src=\"https:\/\/emaus18.pl\/wp-content\/uploads\/2024\/07\/03-1.jpg\" alt=\"\" class=\"wp-image-9040\" srcset=\"https:\/\/emaus18.pl\/wp-content\/uploads\/2024\/07\/03-1.jpg 708w, https:\/\/emaus18.pl\/wp-content\/uploads\/2024\/07\/03-1-480x678.jpg 480w\" sizes=\"(min-width: 0px) and (max-width: 480px) 480px, (min-width: 481px) 708px, 100vw\" \/><\/figure>\n","protected":false},"excerpt":{"rendered":"<p>Je\u015bli chcemy co\u015b zmieni\u0107 to mo\u017cemy to zrobi\u0107 informuj\u0105c o tym co mog\u0142oby by\u0107 lepiej, inaczej- dlatego zach\u0119camy do udzia\u0142u w badaniu potrzeb os\u00f3b z niepe\u0142nosprawno\u015bci\u0105 oraz os\u00f3b nara\u017conych na wykluczenie. Celem projektu \u201cPubliczna przestrze\u0144 inkluzywna &#8211; \u201cW\u0141\u0105cznik\u201d realizowanym przez Uniwersytet Jagiello\u0144ski jest popularyzacja idei inkluzywno\u015bci oraz korzy\u015bci spo\u0142ecznych\/obywatelskich\/psychologicznych, p\u0142yn\u0105cych ze stworzenia przestrzeni inkluzywnej, kt\u00f3ra [&hellip;]<\/p>\n","protected":false},"author":2,"featured_media":9040,"comment_status":"closed","ping_status":"closed","sticky":false,"template":"","format":"standard","meta":{"_et_pb_use_builder":"off","_et_pb_old_content":"","_et_gb_content_width":"1080","footnotes":""},"categories":[4],"tags":[],"class_list":["post-9038","post","type-post","status-publish","format-standard","has-post-thumbnail","hentry","category-aktualnosci"],"_links":{"self":[{"href":"https:\/\/emaus18.pl\/index.php?rest_route=\/wp\/v2\/posts\/9038","targetHints":{"allow":["GET"]}}],"collection":[{"href":"https:\/\/emaus18.pl\/index.php?rest_route=\/wp\/v2\/posts"}],"about":[{"href":"https:\/\/emaus18.pl\/index.php?rest_route=\/wp\/v2\/types\/post"}],"author":[{"embeddable":true,"href":"https:\/\/emaus18.pl\/index.php?rest_route=\/wp\/v2\/users\/2"}],"replies":[{"embeddable":true,"href":"https:\/\/emaus18.pl\/index.php?rest_route=%2Fwp%2Fv2%2Fcomments&post=9038"}],"version-history":[{"count":2,"href":"https:\/\/emaus18.pl\/index.php?rest_route=\/wp\/v2\/posts\/9038\/revisions"}],"predecessor-version":[{"id":9041,"href":"https:\/\/emaus18.pl\/index.php?rest_route=\/wp\/v2\/posts\/9038\/revisions\/9041"}],"wp:featuredmedia":[{"embeddable":true,"href":"https:\/\/emaus18.pl\/index.php?rest_route=\/wp\/v2\/media\/9040"}],"wp:attachment":[{"href":"https:\/\/emaus18.pl\/index.php?rest_route=%2Fwp%2Fv2%2Fmedia&parent=9038"}],"wp:term":[{"taxonomy":"category","embeddable":true,"href":"https:\/\/emaus18.pl\/index.php?rest_route=%2Fwp%2Fv2%2Fcategories&post=9038"},{"taxonomy":"post_tag","embeddable":true,"href":"https:\/\/emaus18.pl\/index.php?rest_route=%2Fwp%2Fv2%2Ftags&post=9038"}],"curies":[{"name":"wp","href":"https:\/\/api.w.org\/{rel}","templated":true}]}}