{"id":8700,"date":"2024-06-11T09:43:19","date_gmt":"2024-06-11T07:43:19","guid":{"rendered":"https:\/\/emaus18.pl\/?p=8700"},"modified":"2024-06-11T09:43:21","modified_gmt":"2024-06-11T07:43:21","slug":"wspomnienia-z-wyjscia-na-rynek","status":"publish","type":"post","link":"https:\/\/emaus18.pl\/?p=8700","title":{"rendered":"Wspomnienia z wyj\u015bcia na Rynek"},"content":{"rendered":"\n<p>A oto kilka wspomnie\u0144 z pi\u0105tkowego wyj\u015bcia na Rynek w trakcie imprezy Kocham Krak\u00f3w z Wzajemno\u015bci\u0105 i pleneru malarskiego organizowanego przez Fundacj\u0119 Sztuki Os\u00f3b Niepe\u0142nosprawnych, w kt\u00f3rym wzi\u0119li udzia\u0142 nasi uczestnicy.<\/p>\n\n\n\n<figure class=\"wp-block-gallery has-nested-images columns-default is-cropped wp-block-gallery-1 is-layout-flex wp-block-gallery-is-layout-flex\">\n<figure class=\"wp-block-image size-large\"><img loading=\"lazy\" decoding=\"async\" width=\"1024\" height=\"576\" data-id=\"8701\" src=\"https:\/\/emaus18.pl\/wp-content\/uploads\/2024\/06\/01-3-1024x576.jpg\" alt=\"\" class=\"wp-image-8701\" srcset=\"https:\/\/emaus18.pl\/wp-content\/uploads\/2024\/06\/01-3-1024x576.jpg 1024w, https:\/\/emaus18.pl\/wp-content\/uploads\/2024\/06\/01-3-980x551.jpg 980w, https:\/\/emaus18.pl\/wp-content\/uploads\/2024\/06\/01-3-480x270.jpg 480w\" sizes=\"(min-width: 0px) and (max-width: 480px) 480px, (min-width: 481px) and (max-width: 980px) 980px, (min-width: 981px) 1024px, 100vw\" \/><\/figure>\n\n\n\n<figure class=\"wp-block-image size-large\"><img loading=\"lazy\" decoding=\"async\" width=\"576\" height=\"1024\" data-id=\"8704\" src=\"https:\/\/emaus18.pl\/wp-content\/uploads\/2024\/06\/03-2-576x1024.jpg\" alt=\"\" class=\"wp-image-8704\" srcset=\"https:\/\/emaus18.pl\/wp-content\/uploads\/2024\/06\/03-2-576x1024.jpg 576w, https:\/\/emaus18.pl\/wp-content\/uploads\/2024\/06\/03-2-480x853.jpg 480w\" sizes=\"(min-width: 0px) and (max-width: 480px) 480px, (min-width: 481px) 576px, 100vw\" \/><\/figure>\n\n\n\n<figure class=\"wp-block-image size-large\"><img loading=\"lazy\" decoding=\"async\" width=\"576\" height=\"1024\" data-id=\"8706\" src=\"https:\/\/emaus18.pl\/wp-content\/uploads\/2024\/06\/02-3-576x1024.jpg\" alt=\"\" class=\"wp-image-8706\" srcset=\"https:\/\/emaus18.pl\/wp-content\/uploads\/2024\/06\/02-3-576x1024.jpg 576w, https:\/\/emaus18.pl\/wp-content\/uploads\/2024\/06\/02-3-480x853.jpg 480w\" sizes=\"(min-width: 0px) and (max-width: 480px) 480px, (min-width: 481px) 576px, 100vw\" \/><\/figure>\n\n\n\n<figure class=\"wp-block-image size-large\"><img loading=\"lazy\" decoding=\"async\" width=\"576\" height=\"1024\" data-id=\"8703\" src=\"https:\/\/emaus18.pl\/wp-content\/uploads\/2024\/06\/04-2-576x1024.jpg\" alt=\"\" class=\"wp-image-8703\" srcset=\"https:\/\/emaus18.pl\/wp-content\/uploads\/2024\/06\/04-2-576x1024.jpg 576w, https:\/\/emaus18.pl\/wp-content\/uploads\/2024\/06\/04-2-480x853.jpg 480w\" sizes=\"(min-width: 0px) and (max-width: 480px) 480px, (min-width: 481px) 576px, 100vw\" \/><\/figure>\n\n\n\n<figure class=\"wp-block-image size-large\"><img loading=\"lazy\" decoding=\"async\" width=\"1024\" height=\"576\" data-id=\"8705\" src=\"https:\/\/emaus18.pl\/wp-content\/uploads\/2024\/06\/05-1-1024x576.jpg\" alt=\"\" class=\"wp-image-8705\" srcset=\"https:\/\/emaus18.pl\/wp-content\/uploads\/2024\/06\/05-1-1024x576.jpg 1024w, https:\/\/emaus18.pl\/wp-content\/uploads\/2024\/06\/05-1-980x551.jpg 980w, https:\/\/emaus18.pl\/wp-content\/uploads\/2024\/06\/05-1-480x270.jpg 480w\" sizes=\"(min-width: 0px) and (max-width: 480px) 480px, (min-width: 481px) and (max-width: 980px) 980px, (min-width: 981px) 1024px, 100vw\" \/><\/figure>\n\n\n\n<figure class=\"wp-block-image size-large\"><img loading=\"lazy\" decoding=\"async\" width=\"1024\" height=\"576\" data-id=\"8709\" src=\"https:\/\/emaus18.pl\/wp-content\/uploads\/2024\/06\/06-1-1024x576.jpg\" alt=\"\" class=\"wp-image-8709\" srcset=\"https:\/\/emaus18.pl\/wp-content\/uploads\/2024\/06\/06-1-1024x576.jpg 1024w, https:\/\/emaus18.pl\/wp-content\/uploads\/2024\/06\/06-1-980x551.jpg 980w, https:\/\/emaus18.pl\/wp-content\/uploads\/2024\/06\/06-1-480x270.jpg 480w\" sizes=\"(min-width: 0px) and (max-width: 480px) 480px, (min-width: 481px) and (max-width: 980px) 980px, (min-width: 981px) 1024px, 100vw\" \/><\/figure>\n\n\n\n<figure class=\"wp-block-image size-large\"><img loading=\"lazy\" decoding=\"async\" width=\"576\" height=\"1024\" data-id=\"8702\" src=\"https:\/\/emaus18.pl\/wp-content\/uploads\/2024\/06\/07-1-576x1024.jpg\" alt=\"\" class=\"wp-image-8702\" srcset=\"https:\/\/emaus18.pl\/wp-content\/uploads\/2024\/06\/07-1-576x1024.jpg 576w, https:\/\/emaus18.pl\/wp-content\/uploads\/2024\/06\/07-1-480x853.jpg 480w\" sizes=\"(min-width: 0px) and (max-width: 480px) 480px, (min-width: 481px) 576px, 100vw\" \/><\/figure>\n\n\n\n<figure class=\"wp-block-image size-large\"><img loading=\"lazy\" decoding=\"async\" width=\"576\" height=\"1024\" data-id=\"8708\" src=\"https:\/\/emaus18.pl\/wp-content\/uploads\/2024\/06\/08-1-576x1024.jpg\" alt=\"\" class=\"wp-image-8708\" srcset=\"https:\/\/emaus18.pl\/wp-content\/uploads\/2024\/06\/08-1-576x1024.jpg 576w, https:\/\/emaus18.pl\/wp-content\/uploads\/2024\/06\/08-1-480x853.jpg 480w\" sizes=\"(min-width: 0px) and (max-width: 480px) 480px, (min-width: 481px) 576px, 100vw\" \/><\/figure>\n\n\n\n<figure class=\"wp-block-image size-large\"><img loading=\"lazy\" decoding=\"async\" width=\"1024\" height=\"576\" data-id=\"8707\" src=\"https:\/\/emaus18.pl\/wp-content\/uploads\/2024\/06\/09-1-1024x576.jpg\" alt=\"\" class=\"wp-image-8707\" srcset=\"https:\/\/emaus18.pl\/wp-content\/uploads\/2024\/06\/09-1-1024x576.jpg 1024w, https:\/\/emaus18.pl\/wp-content\/uploads\/2024\/06\/09-1-980x551.jpg 980w, https:\/\/emaus18.pl\/wp-content\/uploads\/2024\/06\/09-1-480x270.jpg 480w\" sizes=\"(min-width: 0px) and (max-width: 480px) 480px, (min-width: 481px) and (max-width: 980px) 980px, (min-width: 981px) 1024px, 100vw\" \/><\/figure>\n<\/figure>\n","protected":false},"excerpt":{"rendered":"<p>A oto kilka wspomnie\u0144 z pi\u0105tkowego wyj\u015bcia na Rynek w trakcie imprezy Kocham Krak\u00f3w z Wzajemno\u015bci\u0105 i pleneru malarskiego organizowanego przez Fundacj\u0119 Sztuki Os\u00f3b Niepe\u0142nosprawnych, w kt\u00f3rym wzi\u0119li udzia\u0142 nasi uczestnicy.<\/p>\n","protected":false},"author":2,"featured_media":8704,"comment_status":"closed","ping_status":"closed","sticky":false,"template":"","format":"standard","meta":{"_et_pb_use_builder":"off","_et_pb_old_content":"","_et_gb_content_width":"1080","footnotes":""},"categories":[4],"tags":[],"class_list":["post-8700","post","type-post","status-publish","format-standard","has-post-thumbnail","hentry","category-aktualnosci"],"_links":{"self":[{"href":"https:\/\/emaus18.pl\/index.php?rest_route=\/wp\/v2\/posts\/8700","targetHints":{"allow":["GET"]}}],"collection":[{"href":"https:\/\/emaus18.pl\/index.php?rest_route=\/wp\/v2\/posts"}],"about":[{"href":"https:\/\/emaus18.pl\/index.php?rest_route=\/wp\/v2\/types\/post"}],"author":[{"embeddable":true,"href":"https:\/\/emaus18.pl\/index.php?rest_route=\/wp\/v2\/users\/2"}],"replies":[{"embeddable":true,"href":"https:\/\/emaus18.pl\/index.php?rest_route=%2Fwp%2Fv2%2Fcomments&post=8700"}],"version-history":[{"count":1,"href":"https:\/\/emaus18.pl\/index.php?rest_route=\/wp\/v2\/posts\/8700\/revisions"}],"predecessor-version":[{"id":8710,"href":"https:\/\/emaus18.pl\/index.php?rest_route=\/wp\/v2\/posts\/8700\/revisions\/8710"}],"wp:featuredmedia":[{"embeddable":true,"href":"https:\/\/emaus18.pl\/index.php?rest_route=\/wp\/v2\/media\/8704"}],"wp:attachment":[{"href":"https:\/\/emaus18.pl\/index.php?rest_route=%2Fwp%2Fv2%2Fmedia&parent=8700"}],"wp:term":[{"taxonomy":"category","embeddable":true,"href":"https:\/\/emaus18.pl\/index.php?rest_route=%2Fwp%2Fv2%2Fcategories&post=8700"},{"taxonomy":"post_tag","embeddable":true,"href":"https:\/\/emaus18.pl\/index.php?rest_route=%2Fwp%2Fv2%2Ftags&post=8700"}],"curies":[{"name":"wp","href":"https:\/\/api.w.org\/{rel}","templated":true}]}}