{"id":8598,"date":"2024-05-26T15:38:45","date_gmt":"2024-05-26T13:38:45","guid":{"rendered":"https:\/\/emaus18.pl\/?p=8598"},"modified":"2024-05-26T15:38:46","modified_gmt":"2024-05-26T13:38:46","slug":"zapraszamy-na-targi-ekonomii-spolecznej","status":"publish","type":"post","link":"https:\/\/emaus18.pl\/?p=8598","title":{"rendered":"Zapraszamy na Targi Ekonomii Spo\u0142ecznej"},"content":{"rendered":"\n<p>Czy w tym samym czasie mo\u017cna pomaga\u0107 i zarabia\u0107? <img loading=\"lazy\" decoding=\"async\" width=\"16\" height=\"16\" src=\"https:\/\/zasobygwp.pl\/proxy?sig=d12d02b335be1ccc03f8fe964481c45991be7e65835967ef6519d3892db00407&amp;url=aHR0cHM6Ly9zdGF0aWMueHguZmJjZG4ubmV0L2ltYWdlcy9lbW9qaS5waHAvdjkvdDM0LzEvMTYvMWY5MTQucG5n\" alt=\"\ud83e\udd14\"><\/p>\n\n\n\n<p>Tak!<\/p>\n\n\n\n<p><img loading=\"lazy\" decoding=\"async\" src=\"https:\/\/zasobygwp.pl\/proxy?sig=9e2f33f041d4fbe8b58bdb8cd3c9beebfebed9eaae94b5cf9d31dd939a84d4c4&amp;url=aHR0cHM6Ly9zdGF0aWMueHguZmJjZG4ubmV0L2ltYWdlcy9lbW9qaS5waHAvdjkvdDUxLzEvMTYvMWY0NDkucG5n\" alt=\"\ud83d\udc49\" width=\"16\" height=\"16\">Ju\u017c w ten weekend zapraszamy na Targi Ekonomii Spo\u0142ecznej, podczas kt\u00f3rych b\u0119dzie mo\u017cna zakupi\u0107 m.in. lokalne produkty, ceramik\u0119 i s\u0142odkie wypieki od spo\u0142ecznych firm.<\/p>\n\n\n\n<p>Targi s\u0105 wydarzeniem towarzysz\u0105cym Ma\u0142opolskich Dni Dziedzictwa Kulturowego, w trakcie kt\u00f3rych mo\u017cna zwiedza\u0107 kulturowe i historyczne przestrzenie, kt\u00f3re zwykle na co dzie\u0144 nie s\u0105 dost\u0119pne.<\/p>\n\n\n\n<p>Serdecznie zapraszamy do udzia\u0142u!<\/p>\n\n\n\n<p>Swoje produkty i us\u0142ugi zaprezentuj\u0105:<\/p>\n\n\n\n<p><img loading=\"lazy\" decoding=\"async\" src=\"https:\/\/zasobygwp.pl\/proxy?sig=d283a99b87ab653176d1ed6b09dce6c0febbc83a3fd4e86ba98d2ceb1f81e73d&amp;url=aHR0cHM6Ly9zdGF0aWMueHguZmJjZG4ubmV0L2ltYWdlcy9lbW9qaS5waHAvdjkvdGYzLzEvMTYvMWY1MzkucG5n\" alt=\"\ud83d\udd39\" width=\"16\" height=\"16\"><a rel=\"noreferrer noopener\" target=\"_blank\" href=\"https:\/\/www.facebook.com\/fundacja.aktywna.integracja?__cft__[0]=AZVx3C5JtyuX2bY0e2Yc2CIrNvZL0Hwc2ZCxkUS1MOUWmGuP3LxuorTQDkq5dLePGdZJxm3PEx3ufpuYdvFO5W9QzhFxD-1bJJ_joufLsdLEK1tpkQTan3QIhBuFSvZc21n8w7tzUgos1gOQcmlI_bGESBQAfz7c7f9Vi134mL0pj_vSozhijTU4eoFTYJIvLdM3XWvOR4OtL1L3HwsuaqmPHmEeRsy7IFRoBUGoKt0uaa2e4Z5YlQQ5VVEmz6BhUlk&amp;__tn__=-]K-y-R\">Fundacja Aktywna Integracja<\/a>,<\/p>\n\n\n\n<p><img loading=\"lazy\" decoding=\"async\" src=\"https:\/\/zasobygwp.pl\/proxy?sig=d283a99b87ab653176d1ed6b09dce6c0febbc83a3fd4e86ba98d2ceb1f81e73d&amp;url=aHR0cHM6Ly9zdGF0aWMueHguZmJjZG4ubmV0L2ltYWdlcy9lbW9qaS5waHAvdjkvdGYzLzEvMTYvMWY1MzkucG5n\" alt=\"\ud83d\udd39\" width=\"16\" height=\"16\"><a rel=\"noreferrer noopener\" target=\"_blank\" href=\"https:\/\/www.facebook.com\/sledziejowice.larche?__cft__[0]=AZVx3C5JtyuX2bY0e2Yc2CIrNvZL0Hwc2ZCxkUS1MOUWmGuP3LxuorTQDkq5dLePGdZJxm3PEx3ufpuYdvFO5W9QzhFxD-1bJJ_joufLsdLEK1tpkQTan3QIhBuFSvZc21n8w7tzUgos1gOQcmlI_bGESBQAfz7c7f9Vi134mL0pj_vSozhijTU4eoFTYJIvLdM3XWvOR4OtL1L3HwsuaqmPHmEeRsy7IFRoBUGoKt0uaa2e4Z5YlQQ5VVEmz6BhUlk&amp;__tn__=-]K-y-R\">L&#8217;Arche \u015aledziejowice<\/a>,<\/p>\n\n\n\n<p><img loading=\"lazy\" decoding=\"async\" src=\"https:\/\/zasobygwp.pl\/proxy?sig=d283a99b87ab653176d1ed6b09dce6c0febbc83a3fd4e86ba98d2ceb1f81e73d&amp;url=aHR0cHM6Ly9zdGF0aWMueHguZmJjZG4ubmV0L2ltYWdlcy9lbW9qaS5waHAvdjkvdGYzLzEvMTYvMWY1MzkucG5n\" alt=\"\ud83d\udd39\" width=\"16\" height=\"16\"><a rel=\"noreferrer noopener\" target=\"_blank\" href=\"https:\/\/www.facebook.com\/Spoleczna21?__cft__[0]=AZVx3C5JtyuX2bY0e2Yc2CIrNvZL0Hwc2ZCxkUS1MOUWmGuP3LxuorTQDkq5dLePGdZJxm3PEx3ufpuYdvFO5W9QzhFxD-1bJJ_joufLsdLEK1tpkQTan3QIhBuFSvZc21n8w7tzUgos1gOQcmlI_bGESBQAfz7c7f9Vi134mL0pj_vSozhijTU4eoFTYJIvLdM3XWvOR4OtL1L3HwsuaqmPHmEeRsy7IFRoBUGoKt0uaa2e4Z5YlQQ5VVEmz6BhUlk&amp;__tn__=-]K-y-R\">Spo\u0142eczna 21 &#8211; przedsi\u0119biorstwo spo\u0142eczne<\/a>,<\/p>\n\n\n\n<p><img loading=\"lazy\" decoding=\"async\" src=\"https:\/\/zasobygwp.pl\/proxy?sig=d283a99b87ab653176d1ed6b09dce6c0febbc83a3fd4e86ba98d2ceb1f81e73d&amp;url=aHR0cHM6Ly9zdGF0aWMueHguZmJjZG4ubmV0L2ltYWdlcy9lbW9qaS5waHAvdjkvdGYzLzEvMTYvMWY1MzkucG5n\" alt=\"\ud83d\udd39\" width=\"16\" height=\"16\"><a rel=\"noreferrer noopener\" target=\"_blank\" href=\"https:\/\/www.facebook.com\/spoldzielnia.socjalna.kampu?__cft__[0]=AZVx3C5JtyuX2bY0e2Yc2CIrNvZL0Hwc2ZCxkUS1MOUWmGuP3LxuorTQDkq5dLePGdZJxm3PEx3ufpuYdvFO5W9QzhFxD-1bJJ_joufLsdLEK1tpkQTan3QIhBuFSvZc21n8w7tzUgos1gOQcmlI_bGESBQAfz7c7f9Vi134mL0pj_vSozhijTU4eoFTYJIvLdM3XWvOR4OtL1L3HwsuaqmPHmEeRsy7IFRoBUGoKt0uaa2e4Z5YlQQ5VVEmz6BhUlk&amp;__tn__=-]K-y-R\">Sp\u00f3\u0142dzielnia Socjalna KAMPU<\/a>,<\/p>\n\n\n\n<p><img loading=\"lazy\" decoding=\"async\" src=\"https:\/\/zasobygwp.pl\/proxy?sig=d283a99b87ab653176d1ed6b09dce6c0febbc83a3fd4e86ba98d2ceb1f81e73d&amp;url=aHR0cHM6Ly9zdGF0aWMueHguZmJjZG4ubmV0L2ltYWdlcy9lbW9qaS5waHAvdjkvdGYzLzEvMTYvMWY1MzkucG5n\" alt=\"\ud83d\udd39\" width=\"16\" height=\"16\"><a rel=\"noreferrer noopener\" target=\"_blank\" href=\"https:\/\/www.facebook.com\/EmausWTZ?__cft__[0]=AZVx3C5JtyuX2bY0e2Yc2CIrNvZL0Hwc2ZCxkUS1MOUWmGuP3LxuorTQDkq5dLePGdZJxm3PEx3ufpuYdvFO5W9QzhFxD-1bJJ_joufLsdLEK1tpkQTan3QIhBuFSvZc21n8w7tzUgos1gOQcmlI_bGESBQAfz7c7f9Vi134mL0pj_vSozhijTU4eoFTYJIvLdM3XWvOR4OtL1L3HwsuaqmPHmEeRsy7IFRoBUGoKt0uaa2e4Z5YlQQ5VVEmz6BhUlk&amp;__tn__=-]K-y-R\">Warsztat Terapii Zaj\u0119ciowej Stowarzyszenia EMAUS<\/a>,<\/p>\n\n\n\n<p><img loading=\"lazy\" decoding=\"async\" src=\"https:\/\/zasobygwp.pl\/proxy?sig=d283a99b87ab653176d1ed6b09dce6c0febbc83a3fd4e86ba98d2ceb1f81e73d&amp;url=aHR0cHM6Ly9zdGF0aWMueHguZmJjZG4ubmV0L2ltYWdlcy9lbW9qaS5waHAvdjkvdGYzLzEvMTYvMWY1MzkucG5n\" alt=\"\ud83d\udd39\" width=\"16\" height=\"16\"><a rel=\"noreferrer noopener\" target=\"_blank\" href=\"https:\/\/www.facebook.com\/targpietruszkowy?__cft__[0]=AZVx3C5JtyuX2bY0e2Yc2CIrNvZL0Hwc2ZCxkUS1MOUWmGuP3LxuorTQDkq5dLePGdZJxm3PEx3ufpuYdvFO5W9QzhFxD-1bJJ_joufLsdLEK1tpkQTan3QIhBuFSvZc21n8w7tzUgos1gOQcmlI_bGESBQAfz7c7f9Vi134mL0pj_vSozhijTU4eoFTYJIvLdM3XWvOR4OtL1L3HwsuaqmPHmEeRsy7IFRoBUGoKt0uaa2e4Z5YlQQ5VVEmz6BhUlk&amp;__tn__=-]K-y-R\">Targ Pietruszkowy<\/a>,<\/p>\n\n\n\n<p><img loading=\"lazy\" decoding=\"async\" src=\"https:\/\/zasobygwp.pl\/proxy?sig=d283a99b87ab653176d1ed6b09dce6c0febbc83a3fd4e86ba98d2ceb1f81e73d&amp;url=aHR0cHM6Ly9zdGF0aWMueHguZmJjZG4ubmV0L2ltYWdlcy9lbW9qaS5waHAvdjkvdGYzLzEvMTYvMWY1MzkucG5n\" alt=\"\ud83d\udd39\" width=\"16\" height=\"16\">Warsztaty Terapii Zaj\u0119ciowej &#8211; Stowarzyszenie KLIKA,<\/p>\n\n\n\n<p><img loading=\"lazy\" decoding=\"async\" src=\"https:\/\/zasobygwp.pl\/proxy?sig=d283a99b87ab653176d1ed6b09dce6c0febbc83a3fd4e86ba98d2ceb1f81e73d&amp;url=aHR0cHM6Ly9zdGF0aWMueHguZmJjZG4ubmV0L2ltYWdlcy9lbW9qaS5waHAvdjkvdGYzLzEvMTYvMWY1MzkucG5n\" alt=\"\ud83d\udd39\" width=\"16\" height=\"16\"><a rel=\"noreferrer noopener\" target=\"_blank\" href=\"https:\/\/www.facebook.com\/fundacjapelnazycia?__cft__[0]=AZVx3C5JtyuX2bY0e2Yc2CIrNvZL0Hwc2ZCxkUS1MOUWmGuP3LxuorTQDkq5dLePGdZJxm3PEx3ufpuYdvFO5W9QzhFxD-1bJJ_joufLsdLEK1tpkQTan3QIhBuFSvZc21n8w7tzUgos1gOQcmlI_bGESBQAfz7c7f9Vi134mL0pj_vSozhijTU4eoFTYJIvLdM3XWvOR4OtL1L3HwsuaqmPHmEeRsy7IFRoBUGoKt0uaa2e4Z5YlQQ5VVEmz6BhUlk&amp;__tn__=-]K-y-R\">Fundacja Pe\u0142na \u017bycia<\/a>,<\/p>\n\n\n\n<p><img loading=\"lazy\" decoding=\"async\" src=\"https:\/\/zasobygwp.pl\/proxy?sig=d283a99b87ab653176d1ed6b09dce6c0febbc83a3fd4e86ba98d2ceb1f81e73d&amp;url=aHR0cHM6Ly9zdGF0aWMueHguZmJjZG4ubmV0L2ltYWdlcy9lbW9qaS5waHAvdjkvdGYzLzEvMTYvMWY1MzkucG5n\" alt=\"\ud83d\udd39\" width=\"16\" height=\"16\"><a rel=\"noreferrer noopener\" target=\"_blank\" href=\"https:\/\/www.facebook.com\/owitkg?__cft__[0]=AZVx3C5JtyuX2bY0e2Yc2CIrNvZL0Hwc2ZCxkUS1MOUWmGuP3LxuorTQDkq5dLePGdZJxm3PEx3ufpuYdvFO5W9QzhFxD-1bJJ_joufLsdLEK1tpkQTan3QIhBuFSvZc21n8w7tzUgos1gOQcmlI_bGESBQAfz7c7f9Vi134mL0pj_vSozhijTU4eoFTYJIvLdM3XWvOR4OtL1L3HwsuaqmPHmEeRsy7IFRoBUGoKt0uaa2e4Z5YlQQ5VVEmz6BhUlk&amp;__tn__=-]K-y-R\">OWiT Krak\u00f3w Gorlice<\/a>,<\/p>\n\n\n\n<p><img loading=\"lazy\" decoding=\"async\" src=\"https:\/\/zasobygwp.pl\/proxy?sig=d283a99b87ab653176d1ed6b09dce6c0febbc83a3fd4e86ba98d2ceb1f81e73d&amp;url=aHR0cHM6Ly9zdGF0aWMueHguZmJjZG4ubmV0L2ltYWdlcy9lbW9qaS5waHAvdjkvdGYzLzEvMTYvMWY1MzkucG5n\" alt=\"\ud83d\udd39\" width=\"16\" height=\"16\"><a rel=\"noreferrer noopener\" target=\"_blank\" href=\"https:\/\/www.facebook.com\/smakigoscinca?__cft__[0]=AZVx3C5JtyuX2bY0e2Yc2CIrNvZL0Hwc2ZCxkUS1MOUWmGuP3LxuorTQDkq5dLePGdZJxm3PEx3ufpuYdvFO5W9QzhFxD-1bJJ_joufLsdLEK1tpkQTan3QIhBuFSvZc21n8w7tzUgos1gOQcmlI_bGESBQAfz7c7f9Vi134mL0pj_vSozhijTU4eoFTYJIvLdM3XWvOR4OtL1L3HwsuaqmPHmEeRsy7IFRoBUGoKt0uaa2e4Z5YlQQ5VVEmz6BhUlk&amp;__tn__=-]K-y-R\">Smaki Go\u015bci\u0144ca<\/a>,<\/p>\n\n\n\n<p><img loading=\"lazy\" decoding=\"async\" src=\"https:\/\/zasobygwp.pl\/proxy?sig=d283a99b87ab653176d1ed6b09dce6c0febbc83a3fd4e86ba98d2ceb1f81e73d&amp;url=aHR0cHM6Ly9zdGF0aWMueHguZmJjZG4ubmV0L2ltYWdlcy9lbW9qaS5waHAvdjkvdGYzLzEvMTYvMWY1MzkucG5n\" alt=\"\ud83d\udd39\" width=\"16\" height=\"16\"><a rel=\"noreferrer noopener\" target=\"_blank\" href=\"https:\/\/www.facebook.com\/WTZJP2?__cft__[0]=AZVx3C5JtyuX2bY0e2Yc2CIrNvZL0Hwc2ZCxkUS1MOUWmGuP3LxuorTQDkq5dLePGdZJxm3PEx3ufpuYdvFO5W9QzhFxD-1bJJ_joufLsdLEK1tpkQTan3QIhBuFSvZc21n8w7tzUgos1gOQcmlI_bGESBQAfz7c7f9Vi134mL0pj_vSozhijTU4eoFTYJIvLdM3XWvOR4OtL1L3HwsuaqmPHmEeRsy7IFRoBUGoKt0uaa2e4Z5YlQQ5VVEmz6BhUlk&amp;__tn__=-]K-y-R\">WTZJP2 &#8211; Warsztat Terapii Zaj\u0119ciowej im. Jana Paw\u0142a II<\/a><\/p>\n\n\n\n<p>Do zobaczenia!<img loading=\"lazy\" decoding=\"async\" src=\"https:\/\/zasobygwp.pl\/proxy?sig=1c77cd156a2671015717bb52e8393bacf590544869a0f6667b7a3769d74c46b7&amp;url=aHR0cHM6Ly9zdGF0aWMueHguZmJjZG4ubmV0L2ltYWdlcy9lbW9qaS5waHAvdjkvdGZiLzEvMTYvMjYzYS5wbmc=\" alt=\"\u263a\ufe0f\" width=\"16\" height=\"16\"><\/p>\n\n\n\n<p><a rel=\"noreferrer noopener\" target=\"_blank\" href=\"https:\/\/www.facebook.com\/hashtag\/funduszeue?__eep__=6&amp;__cft__[0]=AZVx3C5JtyuX2bY0e2Yc2CIrNvZL0Hwc2ZCxkUS1MOUWmGuP3LxuorTQDkq5dLePGdZJxm3PEx3ufpuYdvFO5W9QzhFxD-1bJJ_joufLsdLEK1tpkQTan3QIhBuFSvZc21n8w7tzUgos1gOQcmlI_bGESBQAfz7c7f9Vi134mL0pj_vSozhijTU4eoFTYJIvLdM3XWvOR4OtL1L3HwsuaqmPHmEeRsy7IFRoBUGoKt0uaa2e4Z5YlQQ5VVEmz6BhUlk&amp;__tn__=*NK-y-R\">#FunduszeUE<\/a><a rel=\"noreferrer noopener\" target=\"_blank\" href=\"https:\/\/www.facebook.com\/hashtag\/ropskrak%C3%B3w?__eep__=6&amp;__cft__[0]=AZVx3C5JtyuX2bY0e2Yc2CIrNvZL0Hwc2ZCxkUS1MOUWmGuP3LxuorTQDkq5dLePGdZJxm3PEx3ufpuYdvFO5W9QzhFxD-1bJJ_joufLsdLEK1tpkQTan3QIhBuFSvZc21n8w7tzUgos1gOQcmlI_bGESBQAfz7c7f9Vi134mL0pj_vSozhijTU4eoFTYJIvLdM3XWvOR4OtL1L3HwsuaqmPHmEeRsy7IFRoBUGoKt0uaa2e4Z5YlQQ5VVEmz6BhUlk&amp;__tn__=*NK-y-R\">#ROPSKrak\u00f3w<\/a><a rel=\"noreferrer noopener\" target=\"_blank\" href=\"https:\/\/www.facebook.com\/hashtag\/ma%C5%82opolska?__eep__=6&amp;__cft__[0]=AZVx3C5JtyuX2bY0e2Yc2CIrNvZL0Hwc2ZCxkUS1MOUWmGuP3LxuorTQDkq5dLePGdZJxm3PEx3ufpuYdvFO5W9QzhFxD-1bJJ_joufLsdLEK1tpkQTan3QIhBuFSvZc21n8w7tzUgos1gOQcmlI_bGESBQAfz7c7f9Vi134mL0pj_vSozhijTU4eoFTYJIvLdM3XWvOR4OtL1L3HwsuaqmPHmEeRsy7IFRoBUGoKt0uaa2e4Z5YlQQ5VVEmz6BhUlk&amp;__tn__=*NK-y-R\">#Ma\u0142opolska<\/a><\/p>\n\n\n\n<p>Zapraszamy na nasze stoisko w niedziel\u0119 od 10.00 do 17.00, gdzie w pi\u0119knych okoliczno\u015bciach zespo\u0142u szpitalno-parkowego w Krakowie &#8211; Kobierzynie b\u0119dziemy prezentowa\u0107 nasze wytwory w ramach Targach Ekonomii Spo\u0142ecznej.<\/p>\n\n\n\n<p><a rel=\"noreferrer noopener\" target=\"_blank\" href=\"https:\/\/www.facebook.com\/lukaszsmolkamalopolska?__cft__[0]=AZVx3C5JtyuX2bY0e2Yc2CIrNvZL0Hwc2ZCxkUS1MOUWmGuP3LxuorTQDkq5dLePGdZJxm3PEx3ufpuYdvFO5W9QzhFxD-1bJJ_joufLsdLEK1tpkQTan3QIhBuFSvZc21n8w7tzUgos1gOQcmlI_bGESBQAfz7c7f9Vi134mL0pj_vSozhijTU4eoFTYJIvLdM3XWvOR4OtL1L3HwsuaqmPHmEeRsy7IFRoBUGoKt0uaa2e4Z5YlQQ5VVEmz6BhUlk&amp;__tn__=-]K-y-R\">\u0141ukasz Sm\u00f3\u0142ka &#8211; Wicemarsza\u0142ek Wojew\u00f3dztwa Ma\u0142opolskiego<\/a><\/p>\n\n\n\n<p>Dzi\u0119kujemy za zaproszenie:<\/p>\n\n\n\n<p><a rel=\"noreferrer noopener\" target=\"_blank\" href=\"https:\/\/www.facebook.com\/ROPS.Krakow?__cft__[0]=AZVx3C5JtyuX2bY0e2Yc2CIrNvZL0Hwc2ZCxkUS1MOUWmGuP3LxuorTQDkq5dLePGdZJxm3PEx3ufpuYdvFO5W9QzhFxD-1bJJ_joufLsdLEK1tpkQTan3QIhBuFSvZc21n8w7tzUgos1gOQcmlI_bGESBQAfz7c7f9Vi134mL0pj_vSozhijTU4eoFTYJIvLdM3XWvOR4OtL1L3HwsuaqmPHmEeRsy7IFRoBUGoKt0uaa2e4Z5YlQQ5VVEmz6BhUlk&amp;__tn__=-]K-R\">Regionalny O\u015brodek Polityki Spo\u0142ecznej w Krakowie<\/a><\/p>\n\n\n\n<p><a rel=\"noreferrer noopener\" target=\"_blank\" href=\"https:\/\/www.facebook.com\/malopolskaes?__cft__[0]=AZVx3C5JtyuX2bY0e2Yc2CIrNvZL0Hwc2ZCxkUS1MOUWmGuP3LxuorTQDkq5dLePGdZJxm3PEx3ufpuYdvFO5W9QzhFxD-1bJJ_joufLsdLEK1tpkQTan3QIhBuFSvZc21n8w7tzUgos1gOQcmlI_bGESBQAfz7c7f9Vi134mL0pj_vSozhijTU4eoFTYJIvLdM3XWvOR4OtL1L3HwsuaqmPHmEeRsy7IFRoBUGoKt0uaa2e4Z5YlQQ5VVEmz6BhUlk&amp;__tn__=-]K-R\">Ma\u0142opolska Ekonomia Spo\u0142eczna<\/a><\/p>\n\n\n\n<figure class=\"wp-block-image size-full\"><img loading=\"lazy\" decoding=\"async\" width=\"1000\" height=\"1000\" src=\"https:\/\/emaus18.pl\/wp-content\/uploads\/2024\/05\/01-20.jpg\" alt=\"\" class=\"wp-image-8599\" srcset=\"https:\/\/emaus18.pl\/wp-content\/uploads\/2024\/05\/01-20.jpg 1000w, https:\/\/emaus18.pl\/wp-content\/uploads\/2024\/05\/01-20-980x980.jpg 980w, https:\/\/emaus18.pl\/wp-content\/uploads\/2024\/05\/01-20-480x480.jpg 480w\" sizes=\"(min-width: 0px) and (max-width: 480px) 480px, (min-width: 481px) and (max-width: 980px) 980px, (min-width: 981px) 1000px, 100vw\" \/><\/figure>\n","protected":false},"excerpt":{"rendered":"<p>Czy w tym samym czasie mo\u017cna pomaga\u0107 i zarabia\u0107? Tak! Ju\u017c w ten weekend zapraszamy na Targi Ekonomii Spo\u0142ecznej, podczas kt\u00f3rych b\u0119dzie mo\u017cna zakupi\u0107 m.in. lokalne produkty, ceramik\u0119 i s\u0142odkie wypieki od spo\u0142ecznych firm. Targi s\u0105 wydarzeniem towarzysz\u0105cym Ma\u0142opolskich Dni Dziedzictwa Kulturowego, w trakcie kt\u00f3rych mo\u017cna zwiedza\u0107 kulturowe i historyczne przestrzenie, kt\u00f3re zwykle na co [&hellip;]<\/p>\n","protected":false},"author":2,"featured_media":8599,"comment_status":"closed","ping_status":"closed","sticky":false,"template":"","format":"standard","meta":{"_et_pb_use_builder":"off","_et_pb_old_content":"","_et_gb_content_width":"1080","footnotes":""},"categories":[4],"tags":[],"class_list":["post-8598","post","type-post","status-publish","format-standard","has-post-thumbnail","hentry","category-aktualnosci"],"_links":{"self":[{"href":"https:\/\/emaus18.pl\/index.php?rest_route=\/wp\/v2\/posts\/8598","targetHints":{"allow":["GET"]}}],"collection":[{"href":"https:\/\/emaus18.pl\/index.php?rest_route=\/wp\/v2\/posts"}],"about":[{"href":"https:\/\/emaus18.pl\/index.php?rest_route=\/wp\/v2\/types\/post"}],"author":[{"embeddable":true,"href":"https:\/\/emaus18.pl\/index.php?rest_route=\/wp\/v2\/users\/2"}],"replies":[{"embeddable":true,"href":"https:\/\/emaus18.pl\/index.php?rest_route=%2Fwp%2Fv2%2Fcomments&post=8598"}],"version-history":[{"count":1,"href":"https:\/\/emaus18.pl\/index.php?rest_route=\/wp\/v2\/posts\/8598\/revisions"}],"predecessor-version":[{"id":8600,"href":"https:\/\/emaus18.pl\/index.php?rest_route=\/wp\/v2\/posts\/8598\/revisions\/8600"}],"wp:featuredmedia":[{"embeddable":true,"href":"https:\/\/emaus18.pl\/index.php?rest_route=\/wp\/v2\/media\/8599"}],"wp:attachment":[{"href":"https:\/\/emaus18.pl\/index.php?rest_route=%2Fwp%2Fv2%2Fmedia&parent=8598"}],"wp:term":[{"taxonomy":"category","embeddable":true,"href":"https:\/\/emaus18.pl\/index.php?rest_route=%2Fwp%2Fv2%2Fcategories&post=8598"},{"taxonomy":"post_tag","embeddable":true,"href":"https:\/\/emaus18.pl\/index.php?rest_route=%2Fwp%2Fv2%2Ftags&post=8598"}],"curies":[{"name":"wp","href":"https:\/\/api.w.org\/{rel}","templated":true}]}}