{"id":8465,"date":"2024-05-16T06:56:47","date_gmt":"2024-05-16T04:56:47","guid":{"rendered":"https:\/\/emaus18.pl\/?p=8465"},"modified":"2024-05-16T06:56:50","modified_gmt":"2024-05-16T04:56:50","slug":"zwiekszenie-samodzielnosci-osob-niepelnosprawnych","status":"publish","type":"post","link":"https:\/\/emaus18.pl\/?p=8465","title":{"rendered":"Zwi\u0119kszenie samodzielno\u015bci os\u00f3b niepe\u0142nosprawnych"},"content":{"rendered":"\n<p>W imieniu Galicyjskiej Fundacji &#8222;Wsparcie, Integracja, Rozw\u00f3j&#8221; z siedzib\u0105 w Krakowie, ul. M.J. Pi\u0142sudskiego 6\/9 informujemy, \u017ce aktualnie realizuje ona projekt dotycz\u0105cy kierunku pomocy 2 &#8222;zwi\u0119kszenie samodzielno\u015bci os\u00f3b niepe\u0142nosprawnych, obejmuj\u0105cego nast\u0119puj\u0105ce zadanie: Zadanie 13, pn. \u015awiadczenie us\u0142ug wspieraj\u0105cych, kt\u00f3re maj\u0105 na celu umo\u017cliwienie lub wspomaganie niezale\u017cnego \u017cycia os\u00f3b niepe\u0142nosprawnych, w szczeg\u00f3lno\u015bci us\u0142ug asystencji osobistej&#8221; pod nazw\u0105&#8221; \u015awiadczenie us\u0142ugi asystenta osobistego osoby niepe\u0142nosprawnej w ramach Programu PFRON-2024&#8243;.<br>Zach\u0119camy do udzia\u0142u w projekcie.<\/p>\n\n\n\n<figure class=\"wp-block-image size-full\"><img loading=\"lazy\" decoding=\"async\" width=\"707\" height=\"1000\" src=\"https:\/\/emaus18.pl\/wp-content\/uploads\/2024\/05\/01-11.jpg\" alt=\"\" class=\"wp-image-8466\" srcset=\"https:\/\/emaus18.pl\/wp-content\/uploads\/2024\/05\/01-11.jpg 707w, https:\/\/emaus18.pl\/wp-content\/uploads\/2024\/05\/01-11-480x679.jpg 480w\" sizes=\"(min-width: 0px) and (max-width: 480px) 480px, (min-width: 481px) 707px, 100vw\" \/><\/figure>\n","protected":false},"excerpt":{"rendered":"<p>W imieniu Galicyjskiej Fundacji &#8222;Wsparcie, Integracja, Rozw\u00f3j&#8221; z siedzib\u0105 w Krakowie, ul. M.J. Pi\u0142sudskiego 6\/9 informujemy, \u017ce aktualnie realizuje ona projekt dotycz\u0105cy kierunku pomocy 2 &#8222;zwi\u0119kszenie samodzielno\u015bci os\u00f3b niepe\u0142nosprawnych, obejmuj\u0105cego nast\u0119puj\u0105ce zadanie: Zadanie 13, pn. \u015awiadczenie us\u0142ug wspieraj\u0105cych, kt\u00f3re maj\u0105 na celu umo\u017cliwienie lub wspomaganie niezale\u017cnego \u017cycia os\u00f3b niepe\u0142nosprawnych, w szczeg\u00f3lno\u015bci us\u0142ug asystencji osobistej&#8221; pod [&hellip;]<\/p>\n","protected":false},"author":2,"featured_media":8466,"comment_status":"closed","ping_status":"closed","sticky":false,"template":"","format":"standard","meta":{"_et_pb_use_builder":"off","_et_pb_old_content":"","_et_gb_content_width":"1080","footnotes":""},"categories":[4],"tags":[],"class_list":["post-8465","post","type-post","status-publish","format-standard","has-post-thumbnail","hentry","category-aktualnosci"],"_links":{"self":[{"href":"https:\/\/emaus18.pl\/index.php?rest_route=\/wp\/v2\/posts\/8465","targetHints":{"allow":["GET"]}}],"collection":[{"href":"https:\/\/emaus18.pl\/index.php?rest_route=\/wp\/v2\/posts"}],"about":[{"href":"https:\/\/emaus18.pl\/index.php?rest_route=\/wp\/v2\/types\/post"}],"author":[{"embeddable":true,"href":"https:\/\/emaus18.pl\/index.php?rest_route=\/wp\/v2\/users\/2"}],"replies":[{"embeddable":true,"href":"https:\/\/emaus18.pl\/index.php?rest_route=%2Fwp%2Fv2%2Fcomments&post=8465"}],"version-history":[{"count":1,"href":"https:\/\/emaus18.pl\/index.php?rest_route=\/wp\/v2\/posts\/8465\/revisions"}],"predecessor-version":[{"id":8467,"href":"https:\/\/emaus18.pl\/index.php?rest_route=\/wp\/v2\/posts\/8465\/revisions\/8467"}],"wp:featuredmedia":[{"embeddable":true,"href":"https:\/\/emaus18.pl\/index.php?rest_route=\/wp\/v2\/media\/8466"}],"wp:attachment":[{"href":"https:\/\/emaus18.pl\/index.php?rest_route=%2Fwp%2Fv2%2Fmedia&parent=8465"}],"wp:term":[{"taxonomy":"category","embeddable":true,"href":"https:\/\/emaus18.pl\/index.php?rest_route=%2Fwp%2Fv2%2Fcategories&post=8465"},{"taxonomy":"post_tag","embeddable":true,"href":"https:\/\/emaus18.pl\/index.php?rest_route=%2Fwp%2Fv2%2Ftags&post=8465"}],"curies":[{"name":"wp","href":"https:\/\/api.w.org\/{rel}","templated":true}]}}