{"id":7639,"date":"2024-02-09T06:31:23","date_gmt":"2024-02-09T05:31:23","guid":{"rendered":"https:\/\/emaus18.pl\/?p=7639"},"modified":"2024-02-09T06:31:25","modified_gmt":"2024-02-09T05:31:25","slug":"kolejne-paczki-dla-fundacji-malych-stopek","status":"publish","type":"post","link":"https:\/\/emaus18.pl\/?p=7639","title":{"rendered":"Kolejne paczki dla Fundacji Ma\u0142ych St\u00f3pek"},"content":{"rendered":"\n<p>Kolejne paczki \ud83c\udf81\ud83c\udf81\ud83d\udce6\ud83d\udce6\ud83d\udce6 dla Fundacji Ma\u0142ych St\u00f3pek ju\u017c w drodze do maluszk\u00f3w. Dzi\u0119kujemy wszystkim zaanga\u017cowanym w akcj\u0119 zbi\u00f3rki potrzebnych rzeczy.<\/p>\n\n\n\n<figure class=\"wp-block-gallery has-nested-images columns-default is-cropped wp-block-gallery-1 is-layout-flex wp-block-gallery-is-layout-flex\">\n<figure class=\"wp-block-image size-large\"><img loading=\"lazy\" decoding=\"async\" width=\"750\" height=\"1000\" data-id=\"7640\" src=\"https:\/\/emaus18.pl\/wp-content\/uploads\/2024\/02\/01-6.jpg\" alt=\"\" class=\"wp-image-7640\" srcset=\"https:\/\/emaus18.pl\/wp-content\/uploads\/2024\/02\/01-6.jpg 750w, https:\/\/emaus18.pl\/wp-content\/uploads\/2024\/02\/01-6-480x640.jpg 480w\" sizes=\"(min-width: 0px) and (max-width: 480px) 480px, (min-width: 481px) 750px, 100vw\" \/><\/figure>\n\n\n\n<figure class=\"wp-block-image size-large\"><img loading=\"lazy\" decoding=\"async\" width=\"750\" height=\"1000\" data-id=\"7641\" src=\"https:\/\/emaus18.pl\/wp-content\/uploads\/2024\/02\/02-3.jpg\" alt=\"\" class=\"wp-image-7641\" srcset=\"https:\/\/emaus18.pl\/wp-content\/uploads\/2024\/02\/02-3.jpg 750w, https:\/\/emaus18.pl\/wp-content\/uploads\/2024\/02\/02-3-480x640.jpg 480w\" sizes=\"(min-width: 0px) and (max-width: 480px) 480px, (min-width: 481px) 750px, 100vw\" \/><\/figure>\n<\/figure>\n","protected":false},"excerpt":{"rendered":"<p>Kolejne paczki \ud83c\udf81\ud83c\udf81\ud83d\udce6\ud83d\udce6\ud83d\udce6 dla Fundacji Ma\u0142ych St\u00f3pek ju\u017c w drodze do maluszk\u00f3w. Dzi\u0119kujemy wszystkim zaanga\u017cowanym w akcj\u0119 zbi\u00f3rki potrzebnych rzeczy.<\/p>\n","protected":false},"author":2,"featured_media":7641,"comment_status":"closed","ping_status":"closed","sticky":false,"template":"","format":"standard","meta":{"_et_pb_use_builder":"off","_et_pb_old_content":"","_et_gb_content_width":"1080","footnotes":""},"categories":[4],"tags":[],"class_list":["post-7639","post","type-post","status-publish","format-standard","has-post-thumbnail","hentry","category-aktualnosci"],"_links":{"self":[{"href":"https:\/\/emaus18.pl\/index.php?rest_route=\/wp\/v2\/posts\/7639","targetHints":{"allow":["GET"]}}],"collection":[{"href":"https:\/\/emaus18.pl\/index.php?rest_route=\/wp\/v2\/posts"}],"about":[{"href":"https:\/\/emaus18.pl\/index.php?rest_route=\/wp\/v2\/types\/post"}],"author":[{"embeddable":true,"href":"https:\/\/emaus18.pl\/index.php?rest_route=\/wp\/v2\/users\/2"}],"replies":[{"embeddable":true,"href":"https:\/\/emaus18.pl\/index.php?rest_route=%2Fwp%2Fv2%2Fcomments&post=7639"}],"version-history":[{"count":1,"href":"https:\/\/emaus18.pl\/index.php?rest_route=\/wp\/v2\/posts\/7639\/revisions"}],"predecessor-version":[{"id":7642,"href":"https:\/\/emaus18.pl\/index.php?rest_route=\/wp\/v2\/posts\/7639\/revisions\/7642"}],"wp:featuredmedia":[{"embeddable":true,"href":"https:\/\/emaus18.pl\/index.php?rest_route=\/wp\/v2\/media\/7641"}],"wp:attachment":[{"href":"https:\/\/emaus18.pl\/index.php?rest_route=%2Fwp%2Fv2%2Fmedia&parent=7639"}],"wp:term":[{"taxonomy":"category","embeddable":true,"href":"https:\/\/emaus18.pl\/index.php?rest_route=%2Fwp%2Fv2%2Fcategories&post=7639"},{"taxonomy":"post_tag","embeddable":true,"href":"https:\/\/emaus18.pl\/index.php?rest_route=%2Fwp%2Fv2%2Ftags&post=7639"}],"curies":[{"name":"wp","href":"https:\/\/api.w.org\/{rel}","templated":true}]}}