{"id":7588,"date":"2024-01-24T06:51:00","date_gmt":"2024-01-24T05:51:00","guid":{"rendered":"https:\/\/emaus18.pl\/?p=7588"},"modified":"2024-01-24T06:51:01","modified_gmt":"2024-01-24T05:51:01","slug":"praca-reni-w-ogrodzie","status":"publish","type":"post","link":"https:\/\/emaus18.pl\/?p=7588","title":{"rendered":"Praca Reni w ogrodzie"},"content":{"rendered":"\n<p>Pocz\u0105tkiem stycznia pogoda \u2600\ufe0f\u2600\ufe0f\u2600\ufe0fby\u0142a pi\u0119kna, wi\u0119c Renia w ramach praktyk wewn\u0119trznych pracowa\u0142a w ogrodzie przycinaj\u0105c mi\u0119dzy innymi maliny i wykonywa\u0142a prace porz\u0105dkowe. \ud83e\uddf9\ud83e\uddf9\ud83e\uddf9\ud83e\uddf9\ud83e\uddf9<\/p>\n\n\n\n<figure class=\"wp-block-gallery has-nested-images columns-default is-cropped wp-block-gallery-1 is-layout-flex wp-block-gallery-is-layout-flex\">\n<figure class=\"wp-block-image size-large\"><img loading=\"lazy\" decoding=\"async\" width=\"601\" height=\"798\" data-id=\"7589\" src=\"https:\/\/emaus18.pl\/wp-content\/uploads\/2024\/01\/01-10.jpg\" alt=\"\" class=\"wp-image-7589\" srcset=\"https:\/\/emaus18.pl\/wp-content\/uploads\/2024\/01\/01-10.jpg 601w, https:\/\/emaus18.pl\/wp-content\/uploads\/2024\/01\/01-10-480x637.jpg 480w\" sizes=\"(min-width: 0px) and (max-width: 480px) 480px, (min-width: 481px) 601px, 100vw\" \/><\/figure>\n\n\n\n<figure class=\"wp-block-image size-large\"><img loading=\"lazy\" decoding=\"async\" width=\"601\" height=\"798\" data-id=\"7590\" src=\"https:\/\/emaus18.pl\/wp-content\/uploads\/2024\/01\/02-7.jpg\" alt=\"\" class=\"wp-image-7590\" srcset=\"https:\/\/emaus18.pl\/wp-content\/uploads\/2024\/01\/02-7.jpg 601w, https:\/\/emaus18.pl\/wp-content\/uploads\/2024\/01\/02-7-480x637.jpg 480w\" sizes=\"(min-width: 0px) and (max-width: 480px) 480px, (min-width: 481px) 601px, 100vw\" \/><\/figure>\n<\/figure>\n","protected":false},"excerpt":{"rendered":"<p>Pocz\u0105tkiem stycznia pogoda \u2600\ufe0f\u2600\ufe0f\u2600\ufe0fby\u0142a pi\u0119kna, wi\u0119c Renia w ramach praktyk wewn\u0119trznych pracowa\u0142a w ogrodzie przycinaj\u0105c mi\u0119dzy innymi maliny i wykonywa\u0142a prace porz\u0105dkowe. \ud83e\uddf9\ud83e\uddf9\ud83e\uddf9\ud83e\uddf9\ud83e\uddf9<\/p>\n","protected":false},"author":2,"featured_media":7589,"comment_status":"closed","ping_status":"closed","sticky":false,"template":"","format":"standard","meta":{"_et_pb_use_builder":"off","_et_pb_old_content":"","_et_gb_content_width":"1080","footnotes":""},"categories":[4],"tags":[],"class_list":["post-7588","post","type-post","status-publish","format-standard","has-post-thumbnail","hentry","category-aktualnosci"],"_links":{"self":[{"href":"https:\/\/emaus18.pl\/index.php?rest_route=\/wp\/v2\/posts\/7588","targetHints":{"allow":["GET"]}}],"collection":[{"href":"https:\/\/emaus18.pl\/index.php?rest_route=\/wp\/v2\/posts"}],"about":[{"href":"https:\/\/emaus18.pl\/index.php?rest_route=\/wp\/v2\/types\/post"}],"author":[{"embeddable":true,"href":"https:\/\/emaus18.pl\/index.php?rest_route=\/wp\/v2\/users\/2"}],"replies":[{"embeddable":true,"href":"https:\/\/emaus18.pl\/index.php?rest_route=%2Fwp%2Fv2%2Fcomments&post=7588"}],"version-history":[{"count":1,"href":"https:\/\/emaus18.pl\/index.php?rest_route=\/wp\/v2\/posts\/7588\/revisions"}],"predecessor-version":[{"id":7591,"href":"https:\/\/emaus18.pl\/index.php?rest_route=\/wp\/v2\/posts\/7588\/revisions\/7591"}],"wp:featuredmedia":[{"embeddable":true,"href":"https:\/\/emaus18.pl\/index.php?rest_route=\/wp\/v2\/media\/7589"}],"wp:attachment":[{"href":"https:\/\/emaus18.pl\/index.php?rest_route=%2Fwp%2Fv2%2Fmedia&parent=7588"}],"wp:term":[{"taxonomy":"category","embeddable":true,"href":"https:\/\/emaus18.pl\/index.php?rest_route=%2Fwp%2Fv2%2Fcategories&post=7588"},{"taxonomy":"post_tag","embeddable":true,"href":"https:\/\/emaus18.pl\/index.php?rest_route=%2Fwp%2Fv2%2Ftags&post=7588"}],"curies":[{"name":"wp","href":"https:\/\/api.w.org\/{rel}","templated":true}]}}