{"id":7294,"date":"2023-12-08T12:21:07","date_gmt":"2023-12-08T11:21:07","guid":{"rendered":"https:\/\/emaus18.pl\/?p=7294"},"modified":"2023-12-08T12:21:08","modified_gmt":"2023-12-08T11:21:08","slug":"kiermasz-w-centrum-kultury-dworek-bialopradnicki","status":"publish","type":"post","link":"https:\/\/emaus18.pl\/?p=7294","title":{"rendered":"Kiermasz w Centrum Kultury \u201eDworek Bia\u0142opr\u0105dnicki\u201d"},"content":{"rendered":"\n<p>Kochani w t\u0105 niedziel\u0119 spotkacie nas od 10.00 do 16.00 w Centrum Kultury \u201eDworek Bia\u0142opr\u0105dnicki\u201d podczas kiermaszu \u015bwi\u0105tecznego\ud83c\udf84\ud83c\udf32\ud83c\udf84, gdzie u nas jak i u innych wystawc\u00f3w znajdziecie fajne pomys\u0142y na prezenty\ud83c\udf80\ud83c\udf81\ud83c\udf81. Zapraszamy i na Was czekamy.<\/p>\n\n\n\n<p>Szczeg\u00f3\u0142y poni\u017cej:<\/p>\n\n\n\n<p>Drogie mi\u0142o\u015bniczki i mi\u0142o\u015bnicy wyj\u0105tkowych zapach\u00f3w oraz tradycyjnych \u015bwi\u0105tecznych dekoracji\u2763\ufe0f\ud83c\udf84\ud83c\udf81\ud83c\udf80\ud83c\udf1f<\/p>\n\n\n\n<p>Z wielk\u0105 rado\u015bci\u0105 informujemy, \u017ce 10 grudnia 2023 roku, odb\u0119dzie si\u0119 w Dworku Kiermasz Bo\u017conarodzeniowy \u201ePod Choink\u0105\u201d. Tego dnia w klimatycznych wn\u0119trzach Dworku, b\u0119dzie mo\u017cna zrobi\u0107 przed\u015bwi\u0105teczne zakupy oraz dokupi\u0107 gwiazdkowe upominki.<\/p>\n\n\n\n<p>Nasz kiermasz to nie tylko ozdoby choinkowe i inne \u015bwi\u0105teczne dekoracje, ale tak\u017ce autorska bi\u017cuteria, ceramika, zabawki, \u015bwiece, a nawet ubrania hand-made dla doros\u0142ych i dzieci. Nie zapomnieli\u015bmy tak\u017ce o choinkowych s\u0142odyczach, miodach idealnych do zimowej herbaty, syropach, d\u017cemach, r\u0119cznie robionych makaronach i innych produktach, kt\u00f3re wzbogac\u0105 bo\u017conarodzeniowy st\u00f3\u0142. B\u0119dziecie mogli r\u00f3wnie\u017c wesprze\u0107 Fundacj\u0119 Anny Dymnej oraz Stowarzyszenie Emaus.<\/p>\n\n\n\n<p>B\u0119d\u0105 z nami:<\/p>\n\n\n\n<p>\ud83e\uddf8 Agata Cybulska &#8211; zabawki handmade, artyku\u0142y dekoracyjne, rekodzie\u0142o.<\/p>\n\n\n\n<p>\ud83e\udd63\u017brem na Talerzach &#8211; ceramika u\u017cytkowa, bi\u017cuteria.<\/p>\n\n\n\n<p>\ud83c\udffaFlamazing Ceramics &#8211; ceramika: kubki, fili\u017canki, miski, talerze, patery, a tak\u017ce umywalki, wazony.<\/p>\n\n\n\n<p>\ud83d\udc5a Kogucik i Kokoszka &#8211; ubrania handmadedla doros\u0142ych i dzieci.<\/p>\n\n\n\n<p>\ud83d\udc8d Goiha Design &#8211; bi\u017cuteria wykonana z r\u00f3\u017cnego rodzaju w\u0142\u00f3czek bawe\u0142nianych, we\u0142nianych, akrylowych, jedwabnych.<\/p>\n\n\n\n<p>\ud83c\udf81 Habana &#8211; Bi\u017cuteria z drewna.<\/p>\n\n\n\n<p>\ud83e\ude9f Hand Made My Day &#8211; dekoracyjne i u\u017cytkowe wyroby ze szk\u0142a.<\/p>\n\n\n\n<p>\ud83d\udd6f Ivo Ayos Soy Candles &#8211; zapachowe \u015bwiece sojowe w szklanych pojemnikach, ceramiczne kominki zapachowe.<\/p>\n\n\n\n<p>\u2728 Agnieszka Szewczyk &#8211; dekoracje ceramiczne.<\/p>\n\n\n\n<p>\ud83d\uddbc Ewa Pasternak &#8211; obrazy, kartki.<\/p>\n\n\n\n<p>\ud83c\udf84 Sylwia Wieche\u0107 &#8211; dekoracje \u015bwi\u0105teczne.<\/p>\n\n\n\n<p>\ud83e\uded9 Domowa Spi\u017carnia &#8211; soki, syropy, konfitury, przetwory warzywne<\/p>\n\n\n\n<p>\ud83e\udd6e Nie-z\u0142y Piernik &#8211; pierniki wypiekane w spos\u00f3b tradycyjny lukrowane artystycznie lukrem kr\u00f3lewskim.<\/p>\n\n\n\n<p>\ud83c\udf6f Miody Beskidzkie &#8211; lokalne i regionalne miody oraz py\u0142ek z Beskidu Wyspowego.<\/p>\n\n\n\n<p>\ud83c\udf6f Miody Wadowickie &#8211; miody z w\u0119druj\u0105cej pasieki z Beskidu Ma\u0142ego.<\/p>\n\n\n\n<p>\ud83c\udf6f Pasieka Batko- r\u00f3\u017cne gatunki miod\u00f3w z pasieki w\u0119drownej.<\/p>\n\n\n\n<p>\ud83c\udf6f Pasieka u Kamili &#8211; naturalne miody oraz produkty pszczele,<\/p>\n\n\n\n<p>\ud83c\udf5d Piastrella &#8211; \u017cywno\u015b\u0107 naturalna: makarony r\u0119cznie robione, zakwasy, pasty.<\/p>\n\n\n\n<p>\ud83e\uded9 U Lucynki &#8211; przetwory owocowo-warzywne, soki, syropy, d\u017cemy, sa\u0142atki warzywne.<\/p>\n\n\n\n<p>\ud83e\uddc0 Katrovia &#8211; produkty z mleka koziego<\/p>\n\n\n\n<p>\ud83d\udc9f Fundacja Anny Dymnej \u201eMimo Wszystko\u201d<\/p>\n\n\n\n<p>\ud83d\udc9f Stowarzyszenie Emaus<\/p>\n\n\n\n<p>Od godziny 10.00 do 16.00, nadarzy si\u0119 wyj\u0105tkowa okazja, aby do\u015bwiadczy\u0107 przed\u015bwi\u0105tecznej atmosfery, zanurzy\u0107 si\u0119 w tradycji i odnale\u017a\u0107 niepowtarzalne, r\u0119cznie tworzone produkty, kt\u00f3re wprowadz\u0105 Was w niezapomniany, \u015bwi\u0105teczny nastr\u00f3j.<\/p>\n\n\n\n<p>W tym dniu Dworek pe\u0142en b\u0119dzie \u015bwi\u0105tecznych aromat\u00f3w i ciep\u0142a, kt\u00f3re tak bardzo kojarz\u0105 nam si\u0119 z tym wyj\u0105tkowym okresem w roku. Kiermasz to nie tylko zakupy, to przede wszystkim niezwyk\u0142a atmosfera, kt\u00f3ra pozwala na chwil\u0119 przystan\u0105\u0107 i celebrowa\u0107 nadchodz\u0105ce \u015bwi\u0119ta<\/p>\n\n\n\n<figure class=\"wp-block-image size-full\"><img loading=\"lazy\" decoding=\"async\" width=\"1000\" height=\"523\" src=\"https:\/\/emaus18.pl\/wp-content\/uploads\/2023\/12\/01-11.jpg\" alt=\"\" class=\"wp-image-7295\" srcset=\"https:\/\/emaus18.pl\/wp-content\/uploads\/2023\/12\/01-11.jpg 1000w, https:\/\/emaus18.pl\/wp-content\/uploads\/2023\/12\/01-11-980x513.jpg 980w, https:\/\/emaus18.pl\/wp-content\/uploads\/2023\/12\/01-11-480x251.jpg 480w\" sizes=\"(min-width: 0px) and (max-width: 480px) 480px, (min-width: 481px) and (max-width: 980px) 980px, (min-width: 981px) 1000px, 100vw\" \/><\/figure>\n","protected":false},"excerpt":{"rendered":"<p>Kochani w t\u0105 niedziel\u0119 spotkacie nas od 10.00 do 16.00 w Centrum Kultury \u201eDworek Bia\u0142opr\u0105dnicki\u201d podczas kiermaszu \u015bwi\u0105tecznego\ud83c\udf84\ud83c\udf32\ud83c\udf84, gdzie u nas jak i u innych wystawc\u00f3w znajdziecie fajne pomys\u0142y na prezenty\ud83c\udf80\ud83c\udf81\ud83c\udf81. Zapraszamy i na Was czekamy. Szczeg\u00f3\u0142y poni\u017cej: Drogie mi\u0142o\u015bniczki i mi\u0142o\u015bnicy wyj\u0105tkowych zapach\u00f3w oraz tradycyjnych \u015bwi\u0105tecznych dekoracji\u2763\ufe0f\ud83c\udf84\ud83c\udf81\ud83c\udf80\ud83c\udf1f Z wielk\u0105 rado\u015bci\u0105 informujemy, \u017ce 10 grudnia [&hellip;]<\/p>\n","protected":false},"author":2,"featured_media":7295,"comment_status":"closed","ping_status":"closed","sticky":false,"template":"","format":"standard","meta":{"_et_pb_use_builder":"off","_et_pb_old_content":"","_et_gb_content_width":"1080","footnotes":""},"categories":[4],"tags":[],"class_list":["post-7294","post","type-post","status-publish","format-standard","has-post-thumbnail","hentry","category-aktualnosci"],"_links":{"self":[{"href":"https:\/\/emaus18.pl\/index.php?rest_route=\/wp\/v2\/posts\/7294","targetHints":{"allow":["GET"]}}],"collection":[{"href":"https:\/\/emaus18.pl\/index.php?rest_route=\/wp\/v2\/posts"}],"about":[{"href":"https:\/\/emaus18.pl\/index.php?rest_route=\/wp\/v2\/types\/post"}],"author":[{"embeddable":true,"href":"https:\/\/emaus18.pl\/index.php?rest_route=\/wp\/v2\/users\/2"}],"replies":[{"embeddable":true,"href":"https:\/\/emaus18.pl\/index.php?rest_route=%2Fwp%2Fv2%2Fcomments&post=7294"}],"version-history":[{"count":1,"href":"https:\/\/emaus18.pl\/index.php?rest_route=\/wp\/v2\/posts\/7294\/revisions"}],"predecessor-version":[{"id":7296,"href":"https:\/\/emaus18.pl\/index.php?rest_route=\/wp\/v2\/posts\/7294\/revisions\/7296"}],"wp:featuredmedia":[{"embeddable":true,"href":"https:\/\/emaus18.pl\/index.php?rest_route=\/wp\/v2\/media\/7295"}],"wp:attachment":[{"href":"https:\/\/emaus18.pl\/index.php?rest_route=%2Fwp%2Fv2%2Fmedia&parent=7294"}],"wp:term":[{"taxonomy":"category","embeddable":true,"href":"https:\/\/emaus18.pl\/index.php?rest_route=%2Fwp%2Fv2%2Fcategories&post=7294"},{"taxonomy":"post_tag","embeddable":true,"href":"https:\/\/emaus18.pl\/index.php?rest_route=%2Fwp%2Fv2%2Ftags&post=7294"}],"curies":[{"name":"wp","href":"https:\/\/api.w.org\/{rel}","templated":true}]}}