{"id":7232,"date":"2023-12-04T07:50:14","date_gmt":"2023-12-04T06:50:14","guid":{"rendered":"https:\/\/emaus18.pl\/?p=7232"},"modified":"2023-12-04T07:50:15","modified_gmt":"2023-12-04T06:50:15","slug":"nasze-herbatki-zimowe-polecaja-sie-na-kiermaszach","status":"publish","type":"post","link":"https:\/\/emaus18.pl\/?p=7232","title":{"rendered":"Nasze herbatki zimowe polecaj\u0105 si\u0119 na kiermaszach"},"content":{"rendered":"\n<p>Nasze herbatki zimowe polecaj\u0105 si\u0119 na kiermaszach. Ich sk\u0142ad to: herbatka czarna lub owocowa, suszone jab\u0142ka\ud83c\udf4e\ud83c\udf4e\ud83c\udf4e, pomara\u0144cze\ud83c\udf4a\ud83c\udf4a\ud83c\udf4a i cytryny\ud83c\udf4b\ud83c\udf4b\ud83c\udf4b i bajecznie pachn\u0105ce \u015bwi\u0119tami \ud83c\udf84\ud83c\udf84\ud83c\udf84przyprawy: go\u017adziki, any\u017c i cynamon. Wszystko zamkni\u0119te w \u015blicznym s\u0142oiczku. Zapraszamy.<\/p>\n\n\n\n<figure class=\"wp-block-gallery has-nested-images columns-default is-cropped wp-block-gallery-1 is-layout-flex wp-block-gallery-is-layout-flex\">\n<figure class=\"wp-block-image size-large\"><img loading=\"lazy\" decoding=\"async\" width=\"1000\" height=\"750\" data-id=\"7234\" src=\"https:\/\/emaus18.pl\/wp-content\/uploads\/2023\/12\/01-5.jpg\" alt=\"\" class=\"wp-image-7234\" srcset=\"https:\/\/emaus18.pl\/wp-content\/uploads\/2023\/12\/01-5.jpg 1000w, https:\/\/emaus18.pl\/wp-content\/uploads\/2023\/12\/01-5-980x735.jpg 980w, https:\/\/emaus18.pl\/wp-content\/uploads\/2023\/12\/01-5-480x360.jpg 480w\" sizes=\"(min-width: 0px) and (max-width: 480px) 480px, (min-width: 481px) and (max-width: 980px) 980px, (min-width: 981px) 1000px, 100vw\" \/><\/figure>\n\n\n\n<figure class=\"wp-block-image size-large\"><img loading=\"lazy\" decoding=\"async\" width=\"750\" height=\"1000\" data-id=\"7233\" src=\"https:\/\/emaus18.pl\/wp-content\/uploads\/2023\/12\/02-4.jpg\" alt=\"\" class=\"wp-image-7233\" srcset=\"https:\/\/emaus18.pl\/wp-content\/uploads\/2023\/12\/02-4.jpg 750w, https:\/\/emaus18.pl\/wp-content\/uploads\/2023\/12\/02-4-480x640.jpg 480w\" sizes=\"(min-width: 0px) and (max-width: 480px) 480px, (min-width: 481px) 750px, 100vw\" \/><\/figure>\n<\/figure>\n","protected":false},"excerpt":{"rendered":"<p>Nasze herbatki zimowe polecaj\u0105 si\u0119 na kiermaszach. Ich sk\u0142ad to: herbatka czarna lub owocowa, suszone jab\u0142ka\ud83c\udf4e\ud83c\udf4e\ud83c\udf4e, pomara\u0144cze\ud83c\udf4a\ud83c\udf4a\ud83c\udf4a i cytryny\ud83c\udf4b\ud83c\udf4b\ud83c\udf4b i bajecznie pachn\u0105ce \u015bwi\u0119tami \ud83c\udf84\ud83c\udf84\ud83c\udf84przyprawy: go\u017adziki, any\u017c i cynamon. Wszystko zamkni\u0119te w \u015blicznym s\u0142oiczku. Zapraszamy.<\/p>\n","protected":false},"author":2,"featured_media":7234,"comment_status":"closed","ping_status":"closed","sticky":false,"template":"","format":"standard","meta":{"_et_pb_use_builder":"off","_et_pb_old_content":"","_et_gb_content_width":"1080","footnotes":""},"categories":[4],"tags":[],"class_list":["post-7232","post","type-post","status-publish","format-standard","has-post-thumbnail","hentry","category-aktualnosci"],"_links":{"self":[{"href":"https:\/\/emaus18.pl\/index.php?rest_route=\/wp\/v2\/posts\/7232","targetHints":{"allow":["GET"]}}],"collection":[{"href":"https:\/\/emaus18.pl\/index.php?rest_route=\/wp\/v2\/posts"}],"about":[{"href":"https:\/\/emaus18.pl\/index.php?rest_route=\/wp\/v2\/types\/post"}],"author":[{"embeddable":true,"href":"https:\/\/emaus18.pl\/index.php?rest_route=\/wp\/v2\/users\/2"}],"replies":[{"embeddable":true,"href":"https:\/\/emaus18.pl\/index.php?rest_route=%2Fwp%2Fv2%2Fcomments&post=7232"}],"version-history":[{"count":1,"href":"https:\/\/emaus18.pl\/index.php?rest_route=\/wp\/v2\/posts\/7232\/revisions"}],"predecessor-version":[{"id":7235,"href":"https:\/\/emaus18.pl\/index.php?rest_route=\/wp\/v2\/posts\/7232\/revisions\/7235"}],"wp:featuredmedia":[{"embeddable":true,"href":"https:\/\/emaus18.pl\/index.php?rest_route=\/wp\/v2\/media\/7234"}],"wp:attachment":[{"href":"https:\/\/emaus18.pl\/index.php?rest_route=%2Fwp%2Fv2%2Fmedia&parent=7232"}],"wp:term":[{"taxonomy":"category","embeddable":true,"href":"https:\/\/emaus18.pl\/index.php?rest_route=%2Fwp%2Fv2%2Fcategories&post=7232"},{"taxonomy":"post_tag","embeddable":true,"href":"https:\/\/emaus18.pl\/index.php?rest_route=%2Fwp%2Fv2%2Ftags&post=7232"}],"curies":[{"name":"wp","href":"https:\/\/api.w.org\/{rel}","templated":true}]}}