{"id":6923,"date":"2023-11-11T06:48:42","date_gmt":"2023-11-11T05:48:42","guid":{"rendered":"https:\/\/emaus18.pl\/?p=6923"},"modified":"2023-11-11T06:48:43","modified_gmt":"2023-11-11T05:48:43","slug":"konkurs-fotograficzny-jesienne-kadry-w-krakowie","status":"publish","type":"post","link":"https:\/\/emaus18.pl\/?p=6923","title":{"rendered":"Konkurs fotograficzny &#8222;Jesienne kadry w Krakowie&#8221;"},"content":{"rendered":"\n<p>Kochani, w imieniu Centrum Obywatelskie w Krakowie \u2013 ul. Reymonta 20 oraz Krakowskie Forum Organizacji Spo\u0142ecznych KraFOS zapraszamy do udzia\u0142u w konkursie fotograficznym \ud83d\udcf7\ud83d\udcf8\ud83d\udcf7&#8221;JESIENNE \ud83c\udf42\ud83c\udf41\ud83c\udf42\ud83c\udf41KADRY W KRAKOWIE&#8221;.<\/p>\n\n\n\n<p>Szczeg\u00f3\u0142y w linku poni\u017cej\u2b07\ufe0f\u2b07\ufe0f\u2b07\ufe0f<\/p>\n\n\n\n<p><a href=\"https:\/\/ngo.krakow.pl\/aktualnosci\/277143,52,komunikat,konkurs_fotograficzny__jesienne_kadry_w_krakowie.html\">https:\/\/ngo.krakow.pl\/aktualnosci\/277143,52,komunikat,konkurs_fotograficzny__jesienne_kadry_w_krakowie.html<\/a><\/p>\n\n\n\n<figure class=\"wp-block-image size-full\"><img loading=\"lazy\" decoding=\"async\" width=\"630\" height=\"420\" src=\"https:\/\/emaus18.pl\/wp-content\/uploads\/2023\/11\/05-2.jpg\" alt=\"\" class=\"wp-image-6924\" srcset=\"https:\/\/emaus18.pl\/wp-content\/uploads\/2023\/11\/05-2.jpg 630w, https:\/\/emaus18.pl\/wp-content\/uploads\/2023\/11\/05-2-480x320.jpg 480w\" sizes=\"(min-width: 0px) and (max-width: 480px) 480px, (min-width: 481px) 630px, 100vw\" \/><\/figure>\n","protected":false},"excerpt":{"rendered":"<p>Kochani, w imieniu Centrum Obywatelskie w Krakowie \u2013 ul. Reymonta 20 oraz Krakowskie Forum Organizacji Spo\u0142ecznych KraFOS zapraszamy do udzia\u0142u w konkursie fotograficznym \ud83d\udcf7\ud83d\udcf8\ud83d\udcf7&#8221;JESIENNE \ud83c\udf42\ud83c\udf41\ud83c\udf42\ud83c\udf41KADRY W KRAKOWIE&#8221;. Szczeg\u00f3\u0142y w linku poni\u017cej\u2b07\ufe0f\u2b07\ufe0f\u2b07\ufe0f https:\/\/ngo.krakow.pl\/aktualnosci\/277143,52,komunikat,konkurs_fotograficzny__jesienne_kadry_w_krakowie.html<\/p>\n","protected":false},"author":2,"featured_media":6924,"comment_status":"closed","ping_status":"closed","sticky":false,"template":"","format":"standard","meta":{"_et_pb_use_builder":"off","_et_pb_old_content":"","_et_gb_content_width":"1080","footnotes":""},"categories":[4],"tags":[],"class_list":["post-6923","post","type-post","status-publish","format-standard","has-post-thumbnail","hentry","category-aktualnosci"],"_links":{"self":[{"href":"https:\/\/emaus18.pl\/index.php?rest_route=\/wp\/v2\/posts\/6923","targetHints":{"allow":["GET"]}}],"collection":[{"href":"https:\/\/emaus18.pl\/index.php?rest_route=\/wp\/v2\/posts"}],"about":[{"href":"https:\/\/emaus18.pl\/index.php?rest_route=\/wp\/v2\/types\/post"}],"author":[{"embeddable":true,"href":"https:\/\/emaus18.pl\/index.php?rest_route=\/wp\/v2\/users\/2"}],"replies":[{"embeddable":true,"href":"https:\/\/emaus18.pl\/index.php?rest_route=%2Fwp%2Fv2%2Fcomments&post=6923"}],"version-history":[{"count":1,"href":"https:\/\/emaus18.pl\/index.php?rest_route=\/wp\/v2\/posts\/6923\/revisions"}],"predecessor-version":[{"id":6925,"href":"https:\/\/emaus18.pl\/index.php?rest_route=\/wp\/v2\/posts\/6923\/revisions\/6925"}],"wp:featuredmedia":[{"embeddable":true,"href":"https:\/\/emaus18.pl\/index.php?rest_route=\/wp\/v2\/media\/6924"}],"wp:attachment":[{"href":"https:\/\/emaus18.pl\/index.php?rest_route=%2Fwp%2Fv2%2Fmedia&parent=6923"}],"wp:term":[{"taxonomy":"category","embeddable":true,"href":"https:\/\/emaus18.pl\/index.php?rest_route=%2Fwp%2Fv2%2Fcategories&post=6923"},{"taxonomy":"post_tag","embeddable":true,"href":"https:\/\/emaus18.pl\/index.php?rest_route=%2Fwp%2Fv2%2Ftags&post=6923"}],"curies":[{"name":"wp","href":"https:\/\/api.w.org\/{rel}","templated":true}]}}