{"id":6849,"date":"2023-10-30T13:35:19","date_gmt":"2023-10-30T12:35:19","guid":{"rendered":"https:\/\/emaus18.pl\/?p=6849"},"modified":"2023-10-30T13:35:20","modified_gmt":"2023-10-30T12:35:20","slug":"dzis-dzien-terapeuty-zajeciowego","status":"publish","type":"post","link":"https:\/\/emaus18.pl\/?p=6849","title":{"rendered":"Dzi\u015b Dzie\u0144 TERAPEUTY ZAJ\u0118CIOWEGO"},"content":{"rendered":"\n<p>Dzi\u015b Dzie\u0144 TERAPEUTY ZAJ\u0118CIOWEGO, kt\u00f3ry zosta\u0142 og\u0142oszony przez \u015awiatow\u0105 Federacj\u0119 Terapeut\u00f3w Zaj\u0119ciowych i corocznie promuje misj\u0119 i cele terapii zaj\u0119ciowej.<\/p>\n\n\n\n<p>Z okazji Dnia Terapeuty Zaj\u0119ciowego wszystkim terapeutom zaj\u0119ciowym \u017cyczymy:<\/p>\n\n\n\n<p>&#8211; by ka\u017cdy dzie\u0144 trudnej i odpowiedzialnej pracy<\/p>\n\n\n\n<p>przynosi\u0142 poczucie zadowolenia i satysfakcji\u2600\ufe0f\u2600\ufe0f\u2600\ufe0f,<\/p>\n\n\n\n<p>&#8211; by ka\u017cdy dzie\u0144 by\u0142 \u017ar\u00f3d\u0142em motywacji do osi\u0105gania coraz wy\u017cszych cel\u00f3w\ud83d\udc4d\ud83d\udc4d\ud83d\udc4d.<\/p>\n\n\n\n<p>W tym szczeg\u00f3lnym dniu \u017cyczymy tak\u017ce takich my\u015bli i marze\u0144, kt\u00f3re daj\u0105 si\u0119 urzeczywistni\u0107 oraz pi\u0119knych i szlachetnych pomys\u0142\u00f3w\ud83d\ude00\ud83d\ude00, kt\u00f3re podszeptuje serce\u2764\ufe0f\u2764\ufe0f\u2764\ufe0f oraz cierpliwo\u015bci\ud83d\ude4f\ud83d\ude4f i wytrwa\u0142o\u015bci\ud83d\udcaa\ud83d\udcaa\ud83d\udcaa.<\/p>\n\n\n\n<p>Grafika: Freepik<\/p>\n\n\n\n<figure class=\"wp-block-image size-full\"><img loading=\"lazy\" decoding=\"async\" width=\"530\" height=\"626\" src=\"https:\/\/emaus18.pl\/wp-content\/uploads\/2023\/10\/04-31.jpg\" alt=\"\" class=\"wp-image-6850\" srcset=\"https:\/\/emaus18.pl\/wp-content\/uploads\/2023\/10\/04-31.jpg 530w, https:\/\/emaus18.pl\/wp-content\/uploads\/2023\/10\/04-31-480x567.jpg 480w\" sizes=\"(min-width: 0px) and (max-width: 480px) 480px, (min-width: 481px) 530px, 100vw\" \/><\/figure>\n","protected":false},"excerpt":{"rendered":"<p>Dzi\u015b Dzie\u0144 TERAPEUTY ZAJ\u0118CIOWEGO, kt\u00f3ry zosta\u0142 og\u0142oszony przez \u015awiatow\u0105 Federacj\u0119 Terapeut\u00f3w Zaj\u0119ciowych i corocznie promuje misj\u0119 i cele terapii zaj\u0119ciowej. Z okazji Dnia Terapeuty Zaj\u0119ciowego wszystkim terapeutom zaj\u0119ciowym \u017cyczymy: &#8211; by ka\u017cdy dzie\u0144 trudnej i odpowiedzialnej pracy przynosi\u0142 poczucie zadowolenia i satysfakcji\u2600\ufe0f\u2600\ufe0f\u2600\ufe0f, &#8211; by ka\u017cdy dzie\u0144 by\u0142 \u017ar\u00f3d\u0142em motywacji do osi\u0105gania coraz wy\u017cszych cel\u00f3w\ud83d\udc4d\ud83d\udc4d\ud83d\udc4d. W [&hellip;]<\/p>\n","protected":false},"author":2,"featured_media":6850,"comment_status":"closed","ping_status":"closed","sticky":false,"template":"","format":"standard","meta":{"_et_pb_use_builder":"off","_et_pb_old_content":"","_et_gb_content_width":"1080","footnotes":""},"categories":[4],"tags":[],"class_list":["post-6849","post","type-post","status-publish","format-standard","has-post-thumbnail","hentry","category-aktualnosci"],"_links":{"self":[{"href":"https:\/\/emaus18.pl\/index.php?rest_route=\/wp\/v2\/posts\/6849","targetHints":{"allow":["GET"]}}],"collection":[{"href":"https:\/\/emaus18.pl\/index.php?rest_route=\/wp\/v2\/posts"}],"about":[{"href":"https:\/\/emaus18.pl\/index.php?rest_route=\/wp\/v2\/types\/post"}],"author":[{"embeddable":true,"href":"https:\/\/emaus18.pl\/index.php?rest_route=\/wp\/v2\/users\/2"}],"replies":[{"embeddable":true,"href":"https:\/\/emaus18.pl\/index.php?rest_route=%2Fwp%2Fv2%2Fcomments&post=6849"}],"version-history":[{"count":1,"href":"https:\/\/emaus18.pl\/index.php?rest_route=\/wp\/v2\/posts\/6849\/revisions"}],"predecessor-version":[{"id":6851,"href":"https:\/\/emaus18.pl\/index.php?rest_route=\/wp\/v2\/posts\/6849\/revisions\/6851"}],"wp:featuredmedia":[{"embeddable":true,"href":"https:\/\/emaus18.pl\/index.php?rest_route=\/wp\/v2\/media\/6850"}],"wp:attachment":[{"href":"https:\/\/emaus18.pl\/index.php?rest_route=%2Fwp%2Fv2%2Fmedia&parent=6849"}],"wp:term":[{"taxonomy":"category","embeddable":true,"href":"https:\/\/emaus18.pl\/index.php?rest_route=%2Fwp%2Fv2%2Fcategories&post=6849"},{"taxonomy":"post_tag","embeddable":true,"href":"https:\/\/emaus18.pl\/index.php?rest_route=%2Fwp%2Fv2%2Ftags&post=6849"}],"curies":[{"name":"wp","href":"https:\/\/api.w.org\/{rel}","templated":true}]}}