{"id":6525,"date":"2023-10-10T08:59:26","date_gmt":"2023-10-10T06:59:26","guid":{"rendered":"https:\/\/emaus18.pl\/?p=6525"},"modified":"2023-10-10T08:59:27","modified_gmt":"2023-10-10T06:59:27","slug":"dzis-wystartowala-krakowska-zbiorka-zywnosci","status":"publish","type":"post","link":"https:\/\/emaus18.pl\/?p=6525","title":{"rendered":"Dzi\u015b wystartowa\u0142a Krakowska Zbi\u00f3rka \u017bywno\u015bci"},"content":{"rendered":"\n<p>Dzi\u015b wystartowa\u0142a Krakowska Zbi\u00f3rka \u017bywno\u015bci 09-13.10.2023 &#8211; a My ju\u017c mamy pe\u0142ne 2 kartony i zbieramy dalej. Wy te\u017c mo\u017cecie si\u0119 przy\u0142\u0105czy\u0107, szczeg\u00f3\u0142y poni\u017cej.<\/p>\n\n\n\n<p>Zadbaj o potrzebuj\u0105cych mieszka\u0144c\u00f3w Krakowa.<\/p>\n\n\n\n<p>W 2023 roku w Polsce ludzie niedojadaj\u0105 z powodu biedy. To ogromny problem spo\u0142eczny, kt\u00f3ry niestety nasila si\u0119 wraz z wysok\u0105 inflacj\u0105. Osoby ubogie wci\u0105\u017c odczuwaj\u0105 te\u017c skutki ekonomiczne pandemii i wojny \u2013 m\u00f3wi Beata Ciep\u0142a, Przewodnicz\u0105ca Rady Banku \u017bywno\u015bci w Krakowie, Prezes Federacji Polskich Bank\u00f3w \u017bywno\u015bci.<\/p>\n\n\n\n<p>Wed\u0142ug najnowszego raportu Bank\u00f3w \u017bywno\u015bci w ci\u0105gu ostatniego roku pogorszy\u0142a si\u0119 sytuacja ekonomiczna prawie 78% os\u00f3b ubogich, kt\u00f3re korzystaj\u0105 z bezp\u0142atnej \u017cywno\u015bci otrzymywanej od organizacji charytatywnych. Przez inflacj\u0119 sze\u015b\u0107 na dziesi\u0119\u0107 z nich musi si\u0119 zapo\u017cycza\u0107, \u017ceby samodzielnie kupi\u0107 jedzenie. Tylko co czwarta osoba mo\u017ce sobie codziennie pozwoli\u0107 na zjedzenie ciep\u0142ego posi\u0142ku do syta.<\/p>\n\n\n\n<p>176 000 \u2013 to szacunkowa, minimalna liczba mieszka\u0144c\u00f3w Krakowa \u017cyj\u0105cych w sferze niedostatku, czyli zagro\u017conych wykluczeniem spo\u0142ecznym, osi\u0105gaj\u0105cych dochody poni\u017cej minimum socjalnego. To oko\u0142o 22,5 proc. wszystkich mieszka\u0144c\u00f3w Krakowa.<\/p>\n\n\n\n<p>Z my\u015bl\u0105 o nich organizowana jest Krakowska Zbi\u00f3rka \u017bywno\u015bci. Odbywa si\u0119 po raz trzeci. Akcja jest wsp\u00f3\u0142organizowana od 2021 roku przez Bank \u017bywno\u015bci w Krakowie i Miasto Krak\u00f3w. W tym roku uczestniczy w niej 45 firm, urz\u0119d\u00f3w, plac\u00f3wek o\u015bwiatowych i innych instytucji, kt\u00f3re zg\u0142osi\u0142y udzia\u0142 w akcji (lista poni\u017cej). To o 20 podmiot\u00f3w wi\u0119cej, ni\u017c w zesz\u0142ym roku.<\/p>\n\n\n\n<p>W tym roku do uczestnik\u00f3w zbi\u00f3rki Bank \u017bywno\u015bci w Krakowie dostarczy\u0142 ponad 700 karton\u00f3w. Je\u015bli uda si\u0119 je wszystkie zape\u0142ni\u0107, to zostanie zebrane oko\u0142o 9 ton tak potrzebnej dzi\u015b \u017cywno\u015bci.<\/p>\n\n\n\n<p>Akcja potrwa do 13 pa\u017adziernika 2023.<\/p>\n\n\n\n<p>Jak wzi\u0105\u0107 udzia\u0142 w Krakowskiej Zbi\u00f3rce \u017bywno\u015bci?<\/p>\n\n\n\n<p>\u25cf Nale\u017cy przygotowa\u0107 jeden lub kilka produkt\u00f3w o d\u0142ugiej trwa\u0142o\u015bci szczeg\u00f3lnie potrzebnych: konserwy mi\u0119sne, rybne, warzywne, d\u017cemy, mleko UHT, olej, ry\u017c, cukier, m\u0105ka, kasza, makaron, czekolada, soki oraz \u017cywno\u015b\u0107 dla dzieci.<\/p>\n\n\n\n<p>\u25cf W wyznaczony dzie\u0144 zabra\u0107 je do miejsca zbi\u00f3rki w swoim miejscu pracy lub nauki i w\u0142o\u017cy\u0107 do karton\u00f3w w oznaczonym miejscu.<\/p>\n\n\n\n<p>Bank \u017bywno\u015bci w Krakowie odbierze zebrane dary i przeka\u017ce je najbardziej potrzebuj\u0105cym mieszka\u0144com miasta.<\/p>\n\n\n\n<p>Bank \u017bywno\u015bci w Krakowie<\/p>\n\n\n\n<p>Bank \u017bywno\u015bci w Krakowie zosta\u0142 za\u0142o\u017cony w 1997 roku. Od powstania Stowarzyszenia zebra\u0142 ponad 76 milion\u00f3w kg produkt\u00f3w spo\u017cywczych o warto\u015bci 307 mln z\u0142. Zebrana \u017cywno\u015b\u0107, za po\u015brednictwem ponad 200 organizacji partnerskich, trafia ka\u017cdego miesi\u0105ca do ponad 75 tysi\u0119cy os\u00f3b w Krakowie i Ma\u0142opolsce, znajduj\u0105cych si\u0119 w ci\u0119\u017ckiej sytuacji \u017cyciowej i materialnej.<\/p>\n\n\n\n<p>Opr\u00f3cz \u017cywno\u015bci pozyskiwanej od darczy\u0144c\u00f3w: producent\u00f3w, dystrybutor\u00f3w, sieci handlowych oraz os\u00f3b prywatnych od 2004 roku Stowarzyszenie realizuje te\u017c europejskie programy pomocowe dla najubo\u017cszych.<\/p>\n\n\n\n<p>Zbi\u00f3rki \u017bywno\u015bci to szczeg\u00f3lne, bardzo wa\u017cne akcje spo\u0142eczne, kt\u00f3re s\u0105 organizowane od ponad 20 lat. Dwa razy w roku \u2013 w okresie przed\u015bwi\u0105tecznym przeprowadzane s\u0105 ,,Wielkanocna Zbi\u00f3rka \u017bywno\u015bci\u201d oraz ,,\u015awi\u0105teczna Zbi\u00f3rka \u017bywno\u015bci\u201d. Od 2021 roku we wsp\u00f3\u0142pracy z Miastem Krak\u00f3w organizowana jest Krakowska Zbi\u00f3rka \u017bywno\u015bci. W ubieg\u0142ym roku w zbi\u00f3rce wzi\u0119\u0142o udzia\u0142 25 firm, uczelni, urz\u0119d\u00f3w i plac\u00f3wek o\u015bwiatowych. Uda\u0142o si\u0119 zebra\u0107 5 416 kg \u017cywno\u015bci.<\/p>\n\n\n\n<p><a rel=\"noreferrer noopener\" target=\"_blank\">www.krakow.bankizywnosci.pl<\/a><\/p>\n\n\n\n<p>Lista firm, plac\u00f3wek i instytucji organizuj\u0105cych Krakowsk\u0105 Zbi\u00f3rk\u0119 \u017bywno\u015bci 2023.<\/p>\n\n\n\n<p>1. 27 LO im. dra Henryka Jordana w Krakowie<\/p>\n\n\n\n<p>2. Centrum Edukacji Creative<\/p>\n\n\n\n<p>3. Centrum Kszta\u0142cenia Zawodowego i Ustawicznego w Krakowie<\/p>\n\n\n\n<p>4. Chatham Financial<\/p>\n\n\n\n<p>5. Cisco Systems<\/p>\n\n\n\n<p>6. Electrolux Poland Sp. z o.o<\/p>\n\n\n\n<p>7. Grodzki Urz\u0105d Pracy w Krakowie<\/p>\n\n\n\n<p>8. HCLTech<\/p>\n\n\n\n<p>9. HEINEKEN Krak\u00f3w<\/p>\n\n\n\n<p>10. HSBC Service Delivery (Polska) Sp. z o.o.<\/p>\n\n\n\n<p>11. IX Prywatne LO Aktorskie<\/p>\n\n\n\n<p>12. Klimat \u2013 Energia \u2013 Gospodarka Wodna<\/p>\n\n\n\n<p>13. Krakowski Park Technologiczny<\/p>\n\n\n\n<p>14. MAXIO<\/p>\n\n\n\n<p>15. Miejskie Przedsi\u0119biorstwo komunikacyjne S.A. w Krakowie<\/p>\n\n\n\n<p>16. Motorola Solutions Systems Polska Sp. z o.o.<\/p>\n\n\n\n<p>17. MPEC S.A.<\/p>\n\n\n\n<p>18. O\u015brodek TVP3 Krak\u00f3w<\/p>\n\n\n\n<p>19. Rada Dzielnicy X Swoszowice<\/p>\n\n\n\n<p>20. Samorz\u0105dowe Przedszkole nr 49<\/p>\n\n\n\n<p>21. Samorz\u0105dowe Przedszkole nr 57<\/p>\n\n\n\n<p>22. Shell Business Operations Krakow<\/p>\n\n\n\n<p>23. Spo\u0142eczna Szko\u0142a Podstawowa nr 7 STO<\/p>\n\n\n\n<p>24. Stowarzyszenie Integracji oraz Aktywizacji Zawodowej i Spo\u0142ecznej Os\u00f3b Niepe\u0142nosprawnych &#8222;EMAUS&#8221;<\/p>\n\n\n\n<p>25. Szko\u0142a Podstawowa &#8222;Rajska Szko\u0142a&#8221; im. Zbigniewa Wodeckiego w Krakowie<\/p>\n\n\n\n<p>26. Szko\u0142a Podstawowa im. ks. Jana Twardowskiego nr 141 w Krakowie<\/p>\n\n\n\n<p>27. Szko\u0142a Podstawowa nr 126 im. Komisji Edukacji Narodowej<\/p>\n\n\n\n<p>28. Szko\u0142a Podstawowa nr 64 w Krakowie<\/p>\n\n\n\n<p>29. Szko\u0142a Podstawowa nr 86 im. Powsta\u0144c\u00f3w \u015al\u0105skich<\/p>\n\n\n\n<p>30. Szko\u0142a Podstawowa nr 91 im. Janusza Kusoci\u0144skiego<\/p>\n\n\n\n<p>31. Szko\u0142a Podstawowa z Oddzia\u0142ami Integracyjnymi nr 158 w Krakowie<\/p>\n\n\n\n<p>32. Szko\u0142a Podstawowa z Oddzia\u0142ami Integracyjnymi Nr 22 w Krakowie<\/p>\n\n\n\n<p>33. TE Connectivity Poland Services Sp. z o.o.<\/p>\n\n\n\n<p>34. Uniwersytet Ekonomiczny w Krakowie<\/p>\n\n\n\n<p>35. Urz\u0105d Miasta Krakowa<\/p>\n\n\n\n<p>36. Wodoci\u0105gi Miasta Krakowa Sp\u00f3\u0142ka Akcyjna<\/p>\n\n\n\n<p>37. XXV Liceum Og\u00f3lnokszta\u0142c\u0105ce im. Stefana \u017beromskiego w Krakowie<\/p>\n\n\n\n<p>38. XXX Liceum Og\u00f3lnokszta\u0142c\u0105ce w Krakowie m. \u015aw. Brata Alberta &#8211; Adama Chmielowskiego<\/p>\n\n\n\n<p>39. Zarz\u0105d Transportu Publicznego w Krakowie<\/p>\n\n\n\n<p>40. Zesp\u00f3\u0142 Szkolno &#8211; Przedszkolny nr 11 w Krakowie<\/p>\n\n\n\n<p>41. Zesp\u00f3\u0142 Szkolno Przedszkolny nr 12<\/p>\n\n\n\n<p>42. Zesp\u00f3\u0142 Szkolno-Przedszkolny nr 8 w Krakowie<\/p>\n\n\n\n<p>43. Zesp\u00f3\u0142 Szk\u00f3\u0142 Chemicznych w Krakowie<\/p>\n\n\n\n<p>44. Zesp\u00f3\u0142 Szk\u00f3\u0142 Da Vinci<\/p>\n\n\n\n<p>45. ZSB Chemobudowa<\/p>\n\n\n\n<p>W odbiorach dar\u00f3w pomoc zadeklarowa\u0142y Specjalny O\u015brodek Szkolno-Wychowawczy Nr 1 oraz Specjalny O\u015brodek Szkolno-Wychowawczy Nr 2.<\/p>\n\n\n\n<figure class=\"wp-block-gallery has-nested-images columns-default is-cropped wp-block-gallery-1 is-layout-flex wp-block-gallery-is-layout-flex\">\n<figure class=\"wp-block-image size-large\"><img loading=\"lazy\" decoding=\"async\" width=\"1000\" height=\"750\" data-id=\"6526\" src=\"https:\/\/emaus18.pl\/wp-content\/uploads\/2023\/10\/01-13.jpg\" alt=\"\" class=\"wp-image-6526\" srcset=\"https:\/\/emaus18.pl\/wp-content\/uploads\/2023\/10\/01-13.jpg 1000w, https:\/\/emaus18.pl\/wp-content\/uploads\/2023\/10\/01-13-980x735.jpg 980w, https:\/\/emaus18.pl\/wp-content\/uploads\/2023\/10\/01-13-480x360.jpg 480w\" sizes=\"(min-width: 0px) and (max-width: 480px) 480px, (min-width: 481px) and (max-width: 980px) 980px, (min-width: 981px) 1000px, 100vw\" \/><\/figure>\n\n\n\n<figure class=\"wp-block-image size-large\"><img loading=\"lazy\" decoding=\"async\" width=\"1024\" height=\"287\" data-id=\"6528\" src=\"https:\/\/emaus18.pl\/wp-content\/uploads\/2023\/10\/02-12-1024x287.jpg\" alt=\"\" class=\"wp-image-6528\" srcset=\"https:\/\/emaus18.pl\/wp-content\/uploads\/2023\/10\/02-12-1024x287.jpg 1024w, https:\/\/emaus18.pl\/wp-content\/uploads\/2023\/10\/02-12-980x274.jpg 980w, https:\/\/emaus18.pl\/wp-content\/uploads\/2023\/10\/02-12-480x134.jpg 480w\" sizes=\"(min-width: 0px) and (max-width: 480px) 480px, (min-width: 481px) and (max-width: 980px) 980px, (min-width: 981px) 1024px, 100vw\" \/><figcaption class=\"wp-element-caption\">Grafiki na media spo\u0142. + A3 druk<\/figcaption><\/figure>\n\n\n\n<figure class=\"wp-block-image size-large\"><img loading=\"lazy\" decoding=\"async\" width=\"1000\" height=\"750\" data-id=\"6527\" src=\"https:\/\/emaus18.pl\/wp-content\/uploads\/2023\/10\/03-12.jpg\" alt=\"\" class=\"wp-image-6527\" srcset=\"https:\/\/emaus18.pl\/wp-content\/uploads\/2023\/10\/03-12.jpg 1000w, https:\/\/emaus18.pl\/wp-content\/uploads\/2023\/10\/03-12-980x735.jpg 980w, https:\/\/emaus18.pl\/wp-content\/uploads\/2023\/10\/03-12-480x360.jpg 480w\" sizes=\"(min-width: 0px) and (max-width: 480px) 480px, (min-width: 481px) and (max-width: 980px) 980px, (min-width: 981px) 1000px, 100vw\" \/><\/figure>\n<\/figure>\n","protected":false},"excerpt":{"rendered":"<p>Dzi\u015b wystartowa\u0142a Krakowska Zbi\u00f3rka \u017bywno\u015bci 09-13.10.2023 &#8211; a My ju\u017c mamy pe\u0142ne 2 kartony i zbieramy dalej. Wy te\u017c mo\u017cecie si\u0119 przy\u0142\u0105czy\u0107, szczeg\u00f3\u0142y poni\u017cej. Zadbaj o potrzebuj\u0105cych mieszka\u0144c\u00f3w Krakowa. W 2023 roku w Polsce ludzie niedojadaj\u0105 z powodu biedy. To ogromny problem spo\u0142eczny, kt\u00f3ry niestety nasila si\u0119 wraz z wysok\u0105 inflacj\u0105. Osoby ubogie wci\u0105\u017c odczuwaj\u0105 [&hellip;]<\/p>\n","protected":false},"author":2,"featured_media":6528,"comment_status":"closed","ping_status":"closed","sticky":false,"template":"","format":"standard","meta":{"_et_pb_use_builder":"off","_et_pb_old_content":"","_et_gb_content_width":"1080","footnotes":""},"categories":[4],"tags":[],"class_list":["post-6525","post","type-post","status-publish","format-standard","has-post-thumbnail","hentry","category-aktualnosci"],"_links":{"self":[{"href":"https:\/\/emaus18.pl\/index.php?rest_route=\/wp\/v2\/posts\/6525","targetHints":{"allow":["GET"]}}],"collection":[{"href":"https:\/\/emaus18.pl\/index.php?rest_route=\/wp\/v2\/posts"}],"about":[{"href":"https:\/\/emaus18.pl\/index.php?rest_route=\/wp\/v2\/types\/post"}],"author":[{"embeddable":true,"href":"https:\/\/emaus18.pl\/index.php?rest_route=\/wp\/v2\/users\/2"}],"replies":[{"embeddable":true,"href":"https:\/\/emaus18.pl\/index.php?rest_route=%2Fwp%2Fv2%2Fcomments&post=6525"}],"version-history":[{"count":1,"href":"https:\/\/emaus18.pl\/index.php?rest_route=\/wp\/v2\/posts\/6525\/revisions"}],"predecessor-version":[{"id":6529,"href":"https:\/\/emaus18.pl\/index.php?rest_route=\/wp\/v2\/posts\/6525\/revisions\/6529"}],"wp:featuredmedia":[{"embeddable":true,"href":"https:\/\/emaus18.pl\/index.php?rest_route=\/wp\/v2\/media\/6528"}],"wp:attachment":[{"href":"https:\/\/emaus18.pl\/index.php?rest_route=%2Fwp%2Fv2%2Fmedia&parent=6525"}],"wp:term":[{"taxonomy":"category","embeddable":true,"href":"https:\/\/emaus18.pl\/index.php?rest_route=%2Fwp%2Fv2%2Fcategories&post=6525"},{"taxonomy":"post_tag","embeddable":true,"href":"https:\/\/emaus18.pl\/index.php?rest_route=%2Fwp%2Fv2%2Ftags&post=6525"}],"curies":[{"name":"wp","href":"https:\/\/api.w.org\/{rel}","templated":true}]}}