{"id":6156,"date":"2023-09-15T10:09:45","date_gmt":"2023-09-15T08:09:45","guid":{"rendered":"https:\/\/emaus18.pl\/?p=6156"},"modified":"2023-09-15T10:09:46","modified_gmt":"2023-09-15T08:09:46","slug":"konsultacje-spoleczne-projektu-wlaczenie-wylaczonych","status":"publish","type":"post","link":"https:\/\/emaus18.pl\/?p=6156","title":{"rendered":"Konsultacje spo\u0142eczne\u00a0Projektu &#8221; W\u0142\u0105czenie wy\u0142\u0105czonych&#8221;"},"content":{"rendered":"\n<p>W my\u015bl zasady nic o nas bez nas wczoraj brali\u015bmy udzia\u0142 w konsultacjach spo\u0142ecznych&nbsp;Projektu &#8221; W\u0142\u0105czenie wy\u0142\u0105czonych &#8211; aktywne instrumenty wsparcia os\u00f3b niepe\u0142nosprawnych na rynku pracy&#8221; Nr projektu: POWR.02.06.00-00-0065\/19.<\/p>\n\n\n\n<p>W Projekcie tym przygotowano kompleksow\u0105 propozycj\u0119 wdro\u017cenia do systemu rehabilitacji zawodowej nowe lub zmodyfikowane instrumenty wsparcia aktywno\u015bci zawodowej os\u00f3b niepe\u0142nosprawnych, maj\u0105ce na celu zapewnienie im mo\u017cliwie samodzielne funkcjonowanie w spo\u0142ecze\u0144stwie oraz \u015brodowisku pracy.<\/p>\n\n\n\n<figure class=\"wp-block-gallery has-nested-images columns-default is-cropped wp-block-gallery-1 is-layout-flex wp-block-gallery-is-layout-flex\">\n<figure class=\"wp-block-image size-large\"><img loading=\"lazy\" decoding=\"async\" width=\"1000\" height=\"750\" data-id=\"6157\" src=\"https:\/\/emaus18.pl\/wp-content\/uploads\/2023\/09\/01-13.jpg\" alt=\"\" class=\"wp-image-6157\" srcset=\"https:\/\/emaus18.pl\/wp-content\/uploads\/2023\/09\/01-13.jpg 1000w, https:\/\/emaus18.pl\/wp-content\/uploads\/2023\/09\/01-13-980x735.jpg 980w, https:\/\/emaus18.pl\/wp-content\/uploads\/2023\/09\/01-13-480x360.jpg 480w\" sizes=\"(min-width: 0px) and (max-width: 480px) 480px, (min-width: 481px) and (max-width: 980px) 980px, (min-width: 981px) 1000px, 100vw\" \/><\/figure>\n\n\n\n<figure class=\"wp-block-image size-large\"><img loading=\"lazy\" decoding=\"async\" width=\"768\" height=\"1024\" data-id=\"6160\" src=\"https:\/\/emaus18.pl\/wp-content\/uploads\/2023\/09\/03-9-768x1024.jpg\" alt=\"\" class=\"wp-image-6160\"\/><\/figure>\n\n\n\n<figure class=\"wp-block-image size-large\"><img loading=\"lazy\" decoding=\"async\" width=\"1000\" height=\"750\" data-id=\"6158\" src=\"https:\/\/emaus18.pl\/wp-content\/uploads\/2023\/09\/02-10.jpg\" alt=\"\" class=\"wp-image-6158\" srcset=\"https:\/\/emaus18.pl\/wp-content\/uploads\/2023\/09\/02-10.jpg 1000w, https:\/\/emaus18.pl\/wp-content\/uploads\/2023\/09\/02-10-980x735.jpg 980w, https:\/\/emaus18.pl\/wp-content\/uploads\/2023\/09\/02-10-480x360.jpg 480w\" sizes=\"(min-width: 0px) and (max-width: 480px) 480px, (min-width: 481px) and (max-width: 980px) 980px, (min-width: 981px) 1000px, 100vw\" \/><\/figure>\n\n\n\n<figure class=\"wp-block-image size-large\"><img loading=\"lazy\" decoding=\"async\" width=\"1000\" height=\"750\" data-id=\"6159\" src=\"https:\/\/emaus18.pl\/wp-content\/uploads\/2023\/09\/04-9.jpg\" alt=\"\" class=\"wp-image-6159\" srcset=\"https:\/\/emaus18.pl\/wp-content\/uploads\/2023\/09\/04-9.jpg 1000w, https:\/\/emaus18.pl\/wp-content\/uploads\/2023\/09\/04-9-980x735.jpg 980w, https:\/\/emaus18.pl\/wp-content\/uploads\/2023\/09\/04-9-480x360.jpg 480w\" sizes=\"(min-width: 0px) and (max-width: 480px) 480px, (min-width: 481px) and (max-width: 980px) 980px, (min-width: 981px) 1000px, 100vw\" \/><\/figure>\n<\/figure>\n","protected":false},"excerpt":{"rendered":"<p>W my\u015bl zasady nic o nas bez nas wczoraj brali\u015bmy udzia\u0142 w konsultacjach spo\u0142ecznych&nbsp;Projektu &#8221; W\u0142\u0105czenie wy\u0142\u0105czonych &#8211; aktywne instrumenty wsparcia os\u00f3b niepe\u0142nosprawnych na rynku pracy&#8221; Nr projektu: POWR.02.06.00-00-0065\/19. W Projekcie tym przygotowano kompleksow\u0105 propozycj\u0119 wdro\u017cenia do systemu rehabilitacji zawodowej nowe lub zmodyfikowane instrumenty wsparcia aktywno\u015bci zawodowej os\u00f3b niepe\u0142nosprawnych, maj\u0105ce na celu zapewnienie im mo\u017cliwie [&hellip;]<\/p>\n","protected":false},"author":2,"featured_media":6157,"comment_status":"closed","ping_status":"closed","sticky":false,"template":"","format":"standard","meta":{"_et_pb_use_builder":"off","_et_pb_old_content":"","_et_gb_content_width":"1080","footnotes":""},"categories":[4],"tags":[],"class_list":["post-6156","post","type-post","status-publish","format-standard","has-post-thumbnail","hentry","category-aktualnosci"],"_links":{"self":[{"href":"https:\/\/emaus18.pl\/index.php?rest_route=\/wp\/v2\/posts\/6156","targetHints":{"allow":["GET"]}}],"collection":[{"href":"https:\/\/emaus18.pl\/index.php?rest_route=\/wp\/v2\/posts"}],"about":[{"href":"https:\/\/emaus18.pl\/index.php?rest_route=\/wp\/v2\/types\/post"}],"author":[{"embeddable":true,"href":"https:\/\/emaus18.pl\/index.php?rest_route=\/wp\/v2\/users\/2"}],"replies":[{"embeddable":true,"href":"https:\/\/emaus18.pl\/index.php?rest_route=%2Fwp%2Fv2%2Fcomments&post=6156"}],"version-history":[{"count":1,"href":"https:\/\/emaus18.pl\/index.php?rest_route=\/wp\/v2\/posts\/6156\/revisions"}],"predecessor-version":[{"id":6161,"href":"https:\/\/emaus18.pl\/index.php?rest_route=\/wp\/v2\/posts\/6156\/revisions\/6161"}],"wp:featuredmedia":[{"embeddable":true,"href":"https:\/\/emaus18.pl\/index.php?rest_route=\/wp\/v2\/media\/6157"}],"wp:attachment":[{"href":"https:\/\/emaus18.pl\/index.php?rest_route=%2Fwp%2Fv2%2Fmedia&parent=6156"}],"wp:term":[{"taxonomy":"category","embeddable":true,"href":"https:\/\/emaus18.pl\/index.php?rest_route=%2Fwp%2Fv2%2Fcategories&post=6156"},{"taxonomy":"post_tag","embeddable":true,"href":"https:\/\/emaus18.pl\/index.php?rest_route=%2Fwp%2Fv2%2Ftags&post=6156"}],"curies":[{"name":"wp","href":"https:\/\/api.w.org\/{rel}","templated":true}]}}