{"id":6153,"date":"2023-09-14T11:02:21","date_gmt":"2023-09-14T09:02:21","guid":{"rendered":"https:\/\/emaus18.pl\/?p=6153"},"modified":"2023-09-14T11:02:22","modified_gmt":"2023-09-14T09:02:22","slug":"zapraszamy-na-kiermasz-pozegnanie-lata-w-dworku-bialopradnickim","status":"publish","type":"post","link":"https:\/\/emaus18.pl\/?p=6153","title":{"rendered":"Zapraszamy na kiermasz &#8222;Po\u017cegnanie Lata w Dworku Bia\u0142opr\u0105dnickim&#8221;"},"content":{"rendered":"\n<p>Kochani, w imieniu naszym, innych wystawc\u00f3w i Centrum Kultury \u201eDworek Bia\u0142opr\u0105dnicki\u201d zapraszamy wszystkich mi\u0142o\u015bnik\u00f3w lokalnych wybor\u00f3w, r\u0119kodzielnik\u00f3w, rzemie\u015blnik\u00f3w do uczestnictwa w kiermaszu Po\u017cegnanie Lata w Dworku Bia\u0142opr\u0105dnickim. Kiermasz odb\u0119dzie si\u0119 w niedziel\u0119 17 wrze\u015bnia. Wydarzenie jest cz\u0119\u015bci\u0105 obchod\u00f3w Dni Seniora.<\/p>\n\n\n\n<p>\ud83d\udcc5 17 wrze\u015bnia 2023 r.<\/p>\n\n\n\n<p>\u231a 11:00\u201318:00<\/p>\n\n\n\n<p>\ud83c\udfe0 Plener Dworku Bia\u0142opr\u0105dnickiego<\/p>\n\n\n\n<p>Z okazji Dnia Seniora zapraszamy na moc wydarze\u0144 dedykowanych osobom w p\u00f3\u017anej doros\u0142o\u015bci i nie tylko. W programie m.in. kiermasz r\u0119kodzielnictwa Po\u017cegnanie Lata, warsztaty artystyczne dla dzieci, wyst\u0119p zespo\u0142u Flashover oraz koncert operowy pod kierownictwem Jana Miga\u0142y.<\/p>\n\n\n\n<p>Na wydarzenie zapraszamy wraz z Rad\u0105 Dzielnicy IV Pr\u0105dnik Bia\u0142y.<\/p>\n\n\n\n<p>Szczeg\u00f3\u0142owy program:<\/p>\n\n\n\n<p>11.00 \u2013 17.00 Kiermasz \u201ePo\u017cegnanie lata\u201d<\/p>\n\n\n\n<p>12.00 \u2013 12.45 Warsztaty artystyczne dla dzieci<\/p>\n\n\n\n<p>15.00 Koncert zespo\u0142u Flashover<\/p>\n\n\n\n<p>Koncert zespo\u0142u Flashover odb\u0119dzie si\u0119 o godz. 15.00 w Plenerze Dworku Bia\u0142opr\u0105dnickiego. Zesp\u00f3\u0142 Flashover tworz\u0105 stra\u017cacy z Jednostki Ratowniczo-Ga\u015bniczej nr 5 Komendy Miejskiej Pa\u0144stwowej Stra\u017cy Po\u017carnej w Krakowie. W ich wykonaniu us\u0142yszymy popularne covery.<\/p>\n\n\n\n<p>16.00 \u2013 16.45 Warsztaty artystyczne dla dzieci<\/p>\n\n\n\n<p>17.00 Koncert operowy pod kierownictwem Jana Miga\u0142y<\/p>\n\n\n\n<p>Podczas koncertu us\u0142yszymy najbardziej znane i lubiane arie i duety oper, operetek, musicali , pie\u015bni neapolita\u0144skich i z XX-lecia mi\u0119dzywojennego.<\/p>\n\n\n\n<p>Wyst\u0105pi\u0105:<\/p>\n\n\n\n<p>Jan Miga\u0142a: baryton, prowadzenie koncertu<\/p>\n\n\n\n<p>Karin Wiktor-Ka\u0142ucka: sopran<\/p>\n\n\n\n<p>Katarzyna S\u0142ota-Marciniec: mezzosopran<\/p>\n\n\n\n<p>Micha\u0142 Kutnik: baryton<\/p>\n\n\n\n<p>Kristina Kutnik: piano<\/p>\n\n\n\n<p>Na stoiskach podczas kiermaszu nie zabraknie zar\u00f3wno tradycyjnych produkt\u00f3w \u2013 regionalnego \ud83e\udd68 jad\u0142a, wyrob\u00f3w lokalnych r\u0119kodzielnik\u00f3w czy miod\u00f3w i produkt\u00f3w \ud83d\udc1dpszczelarskich, jak i innych \ud83e\udd63ceramicznych, odzie\u017cowych i kosmetycznych r\u00f3\u017cno\u015bci.<\/p>\n\n\n\n<p>Oj b\u0119dzie si\u0119 dzia\u0142o.<\/p>\n\n\n\n<figure class=\"wp-block-image size-full\"><img loading=\"lazy\" decoding=\"async\" width=\"1000\" height=\"523\" src=\"https:\/\/emaus18.pl\/wp-content\/uploads\/2023\/09\/01-12.jpg\" alt=\"\" class=\"wp-image-6154\" srcset=\"https:\/\/emaus18.pl\/wp-content\/uploads\/2023\/09\/01-12.jpg 1000w, https:\/\/emaus18.pl\/wp-content\/uploads\/2023\/09\/01-12-980x513.jpg 980w, https:\/\/emaus18.pl\/wp-content\/uploads\/2023\/09\/01-12-480x251.jpg 480w\" sizes=\"(min-width: 0px) and (max-width: 480px) 480px, (min-width: 481px) and (max-width: 980px) 980px, (min-width: 981px) 1000px, 100vw\" \/><\/figure>\n","protected":false},"excerpt":{"rendered":"<p>Kochani, w imieniu naszym, innych wystawc\u00f3w i Centrum Kultury \u201eDworek Bia\u0142opr\u0105dnicki\u201d zapraszamy wszystkich mi\u0142o\u015bnik\u00f3w lokalnych wybor\u00f3w, r\u0119kodzielnik\u00f3w, rzemie\u015blnik\u00f3w do uczestnictwa w kiermaszu Po\u017cegnanie Lata w Dworku Bia\u0142opr\u0105dnickim. Kiermasz odb\u0119dzie si\u0119 w niedziel\u0119 17 wrze\u015bnia. Wydarzenie jest cz\u0119\u015bci\u0105 obchod\u00f3w Dni Seniora. \ud83d\udcc5 17 wrze\u015bnia 2023 r. \u231a 11:00\u201318:00 \ud83c\udfe0 Plener Dworku Bia\u0142opr\u0105dnickiego Z okazji Dnia Seniora [&hellip;]<\/p>\n","protected":false},"author":2,"featured_media":6154,"comment_status":"closed","ping_status":"closed","sticky":false,"template":"","format":"standard","meta":{"_et_pb_use_builder":"off","_et_pb_old_content":"","_et_gb_content_width":"1080","footnotes":""},"categories":[4],"tags":[],"class_list":["post-6153","post","type-post","status-publish","format-standard","has-post-thumbnail","hentry","category-aktualnosci"],"_links":{"self":[{"href":"https:\/\/emaus18.pl\/index.php?rest_route=\/wp\/v2\/posts\/6153","targetHints":{"allow":["GET"]}}],"collection":[{"href":"https:\/\/emaus18.pl\/index.php?rest_route=\/wp\/v2\/posts"}],"about":[{"href":"https:\/\/emaus18.pl\/index.php?rest_route=\/wp\/v2\/types\/post"}],"author":[{"embeddable":true,"href":"https:\/\/emaus18.pl\/index.php?rest_route=\/wp\/v2\/users\/2"}],"replies":[{"embeddable":true,"href":"https:\/\/emaus18.pl\/index.php?rest_route=%2Fwp%2Fv2%2Fcomments&post=6153"}],"version-history":[{"count":1,"href":"https:\/\/emaus18.pl\/index.php?rest_route=\/wp\/v2\/posts\/6153\/revisions"}],"predecessor-version":[{"id":6155,"href":"https:\/\/emaus18.pl\/index.php?rest_route=\/wp\/v2\/posts\/6153\/revisions\/6155"}],"wp:featuredmedia":[{"embeddable":true,"href":"https:\/\/emaus18.pl\/index.php?rest_route=\/wp\/v2\/media\/6154"}],"wp:attachment":[{"href":"https:\/\/emaus18.pl\/index.php?rest_route=%2Fwp%2Fv2%2Fmedia&parent=6153"}],"wp:term":[{"taxonomy":"category","embeddable":true,"href":"https:\/\/emaus18.pl\/index.php?rest_route=%2Fwp%2Fv2%2Fcategories&post=6153"},{"taxonomy":"post_tag","embeddable":true,"href":"https:\/\/emaus18.pl\/index.php?rest_route=%2Fwp%2Fv2%2Ftags&post=6153"}],"curies":[{"name":"wp","href":"https:\/\/api.w.org\/{rel}","templated":true}]}}