{"id":5642,"date":"2023-07-12T10:07:42","date_gmt":"2023-07-12T08:07:42","guid":{"rendered":"https:\/\/emaus18.pl\/?p=5642"},"modified":"2023-07-12T10:10:55","modified_gmt":"2023-07-12T08:10:55","slug":"zapraszamy-osoby-z-ukrainy-na-kurs-jezyka-polskiego-zakonczony-egzaminem","status":"publish","type":"post","link":"https:\/\/emaus18.pl\/?p=5642","title":{"rendered":"Kurs j\u0119zyka polskiego dla os\u00f3b z Ukrainy realizowany w ramach programu &#8222;wESp\u00f3\u0142 wspieramy ekonomi\u0119 spo\u0142eczn\u0105&#8221;"},"content":{"rendered":"\n<p>wESp\u00f3\u0142 wspieramy ekonomi\u0119 spo\u0142eczn\u0105<\/p>\n\n\n\n<p>Zapraszamy osoby z Ukrainy na kurs j\u0119zyka polskiego zako\u0144czony egzaminem. Szczeg\u00f3\u0142y na plakacie lub piszcie na\u00a0<a rel=\"noreferrer noopener\" href=\"mailto:stowarzyszenieemaus@wp.pl\" target=\"_blank\"><\/a><a href=\"mailto:stowarzyszenieemaus@wp.pl\">stowarzyszenieemaus@wp.pl<\/a>.<\/p>\n\n\n\n<p>&#8222;Przedsi\u0119wzi\u0119cie jest realizowane w ramach programu &#8222;wESp\u00f3\u0142 wspieramy ekonomi\u0119 spo\u0142eczn\u0105&#8221; finansowanego przez UBS i koordynowanego przez ROPS w Krakowie i MFES&#8221;<\/p>\n\n\n\n<p>#UBS<\/p>\n\n\n\n<p>Regionalny O\u015brodek Polityki Spo\u0142ecznej w Krakowie<\/p>\n\n\n\n<p>Ma\u0142opolska Ekonomia Spo\u0142eczna<\/p>\n\n\n\n<p>Ma\u0142opolski Fundusz Ekonomii Spo\u0142ecznej<\/p>\n\n\n\n<p>Iwona Dopiera\u0142a-\u015awiat\u0142o\u0144<\/p>\n\n\n\n<p>Prezes<\/p>\n\n\n\n<p>Stowarzyszenia Integracji oraz Aktywizacji Zawodowej i Spo\u0142ecznej Os\u00f3b Niepe\u0142nosprawnych &#8222;EMAUS&#8221;,<\/p>\n\n\n\n<p>ul. Rondo Mogilskie 1, 31-516 Krak\u00f3w<\/p>\n\n\n\n<p>12\/393-12-07, 695 085 978<\/p>\n\n\n\n<figure class=\"wp-block-gallery has-nested-images columns-default is-cropped wp-block-gallery-1 is-layout-flex wp-block-gallery-is-layout-flex\">\n<figure class=\"wp-block-image size-large\"><img loading=\"lazy\" decoding=\"async\" width=\"707\" height=\"1000\" data-id=\"5644\" src=\"https:\/\/emaus18.pl\/wp-content\/uploads\/2023\/07\/1-1.jpg\" alt=\"\" class=\"wp-image-5644\" srcset=\"https:\/\/emaus18.pl\/wp-content\/uploads\/2023\/07\/1-1.jpg 707w, https:\/\/emaus18.pl\/wp-content\/uploads\/2023\/07\/1-1-480x679.jpg 480w\" sizes=\"(min-width: 0px) and (max-width: 480px) 480px, (min-width: 481px) 707px, 100vw\" \/><\/figure>\n\n\n\n<figure class=\"wp-block-image size-large\"><img loading=\"lazy\" decoding=\"async\" width=\"1000\" height=\"667\" data-id=\"5643\" src=\"https:\/\/emaus18.pl\/wp-content\/uploads\/2023\/07\/2.jpg\" alt=\"\" class=\"wp-image-5643\" srcset=\"https:\/\/emaus18.pl\/wp-content\/uploads\/2023\/07\/2.jpg 1000w, https:\/\/emaus18.pl\/wp-content\/uploads\/2023\/07\/2-980x654.jpg 980w, https:\/\/emaus18.pl\/wp-content\/uploads\/2023\/07\/2-480x320.jpg 480w\" sizes=\"(min-width: 0px) and (max-width: 480px) 480px, (min-width: 481px) and (max-width: 980px) 980px, (min-width: 981px) 1000px, 100vw\" \/><\/figure>\n<\/figure>\n","protected":false},"excerpt":{"rendered":"<p>wESp\u00f3\u0142 wspieramy ekonomi\u0119 spo\u0142eczn\u0105 Zapraszamy osoby z Ukrainy na kurs j\u0119zyka polskiego zako\u0144czony egzaminem. Szczeg\u00f3\u0142y na plakacie lub piszcie na\u00a0stowarzyszenieemaus@wp.pl. &#8222;Przedsi\u0119wzi\u0119cie jest realizowane w ramach programu &#8222;wESp\u00f3\u0142 wspieramy ekonomi\u0119 spo\u0142eczn\u0105&#8221; finansowanego przez UBS i koordynowanego przez ROPS w Krakowie i MFES&#8221; #UBS Regionalny O\u015brodek Polityki Spo\u0142ecznej w Krakowie Ma\u0142opolska Ekonomia Spo\u0142eczna Ma\u0142opolski Fundusz Ekonomii Spo\u0142ecznej [&hellip;]<\/p>\n","protected":false},"author":2,"featured_media":5644,"comment_status":"closed","ping_status":"closed","sticky":false,"template":"","format":"standard","meta":{"_et_pb_use_builder":"off","_et_pb_old_content":"","_et_gb_content_width":"1080","footnotes":""},"categories":[4],"tags":[],"class_list":["post-5642","post","type-post","status-publish","format-standard","has-post-thumbnail","hentry","category-aktualnosci"],"_links":{"self":[{"href":"https:\/\/emaus18.pl\/index.php?rest_route=\/wp\/v2\/posts\/5642","targetHints":{"allow":["GET"]}}],"collection":[{"href":"https:\/\/emaus18.pl\/index.php?rest_route=\/wp\/v2\/posts"}],"about":[{"href":"https:\/\/emaus18.pl\/index.php?rest_route=\/wp\/v2\/types\/post"}],"author":[{"embeddable":true,"href":"https:\/\/emaus18.pl\/index.php?rest_route=\/wp\/v2\/users\/2"}],"replies":[{"embeddable":true,"href":"https:\/\/emaus18.pl\/index.php?rest_route=%2Fwp%2Fv2%2Fcomments&post=5642"}],"version-history":[{"count":2,"href":"https:\/\/emaus18.pl\/index.php?rest_route=\/wp\/v2\/posts\/5642\/revisions"}],"predecessor-version":[{"id":5647,"href":"https:\/\/emaus18.pl\/index.php?rest_route=\/wp\/v2\/posts\/5642\/revisions\/5647"}],"wp:featuredmedia":[{"embeddable":true,"href":"https:\/\/emaus18.pl\/index.php?rest_route=\/wp\/v2\/media\/5644"}],"wp:attachment":[{"href":"https:\/\/emaus18.pl\/index.php?rest_route=%2Fwp%2Fv2%2Fmedia&parent=5642"}],"wp:term":[{"taxonomy":"category","embeddable":true,"href":"https:\/\/emaus18.pl\/index.php?rest_route=%2Fwp%2Fv2%2Fcategories&post=5642"},{"taxonomy":"post_tag","embeddable":true,"href":"https:\/\/emaus18.pl\/index.php?rest_route=%2Fwp%2Fv2%2Ftags&post=5642"}],"curies":[{"name":"wp","href":"https:\/\/api.w.org\/{rel}","templated":true}]}}