{"id":5634,"date":"2023-07-04T15:25:12","date_gmt":"2023-07-04T13:25:12","guid":{"rendered":"https:\/\/emaus18.pl\/?p=5634"},"modified":"2023-07-04T15:25:13","modified_gmt":"2023-07-04T13:25:13","slug":"wyroznienie-znakiem-ekonomii-spolecznej-2023","status":"publish","type":"post","link":"https:\/\/emaus18.pl\/?p=5634","title":{"rendered":"Wyr\u00f3\u017cnienie znakiem Ekonomii Spo\u0142ecznej 2023"},"content":{"rendered":"\n<p>Dzi\u0119kujemy za docenienie naszej pracy i wyr\u00f3\u017cnienie nas znakiem Ekonomii Spo\u0142ecznej 2023 przez Ministra Rodziny i Polityki Spo\u0142ecznej.<\/p>\n\n\n\n<p><a href=\"https:\/\/www.ekonomiaspoleczna.gov.pl\/Znak,jakosci,Ekonomii,Spolecznej,2023,-,ogloszenie,konkursu,4346.html\">https:\/\/www.ekonomiaspoleczna.gov.pl\/Znak,jakosci,Ekonomii,Spolecznej,2023,-,ogloszenie,konkursu,4346.html<\/a><\/p>\n\n\n\n<figure class=\"wp-block-image size-full\"><img loading=\"lazy\" decoding=\"async\" width=\"707\" height=\"1000\" src=\"https:\/\/emaus18.pl\/wp-content\/uploads\/2023\/07\/1.jpg\" alt=\"\" class=\"wp-image-5636\" srcset=\"https:\/\/emaus18.pl\/wp-content\/uploads\/2023\/07\/1.jpg 707w, https:\/\/emaus18.pl\/wp-content\/uploads\/2023\/07\/1-480x679.jpg 480w\" sizes=\"(min-width: 0px) and (max-width: 480px) 480px, (min-width: 481px) 707px, 100vw\" \/><\/figure>\n","protected":false},"excerpt":{"rendered":"<p>Dzi\u0119kujemy za docenienie naszej pracy i wyr\u00f3\u017cnienie nas znakiem Ekonomii Spo\u0142ecznej 2023 przez Ministra Rodziny i Polityki Spo\u0142ecznej. https:\/\/www.ekonomiaspoleczna.gov.pl\/Znak,jakosci,Ekonomii,Spolecznej,2023,-,ogloszenie,konkursu,4346.html<\/p>\n","protected":false},"author":2,"featured_media":5636,"comment_status":"closed","ping_status":"closed","sticky":false,"template":"","format":"standard","meta":{"_et_pb_use_builder":"off","_et_pb_old_content":"","_et_gb_content_width":"1080","footnotes":""},"categories":[4],"tags":[],"class_list":["post-5634","post","type-post","status-publish","format-standard","has-post-thumbnail","hentry","category-aktualnosci"],"_links":{"self":[{"href":"https:\/\/emaus18.pl\/index.php?rest_route=\/wp\/v2\/posts\/5634","targetHints":{"allow":["GET"]}}],"collection":[{"href":"https:\/\/emaus18.pl\/index.php?rest_route=\/wp\/v2\/posts"}],"about":[{"href":"https:\/\/emaus18.pl\/index.php?rest_route=\/wp\/v2\/types\/post"}],"author":[{"embeddable":true,"href":"https:\/\/emaus18.pl\/index.php?rest_route=\/wp\/v2\/users\/2"}],"replies":[{"embeddable":true,"href":"https:\/\/emaus18.pl\/index.php?rest_route=%2Fwp%2Fv2%2Fcomments&post=5634"}],"version-history":[{"count":2,"href":"https:\/\/emaus18.pl\/index.php?rest_route=\/wp\/v2\/posts\/5634\/revisions"}],"predecessor-version":[{"id":5637,"href":"https:\/\/emaus18.pl\/index.php?rest_route=\/wp\/v2\/posts\/5634\/revisions\/5637"}],"wp:featuredmedia":[{"embeddable":true,"href":"https:\/\/emaus18.pl\/index.php?rest_route=\/wp\/v2\/media\/5636"}],"wp:attachment":[{"href":"https:\/\/emaus18.pl\/index.php?rest_route=%2Fwp%2Fv2%2Fmedia&parent=5634"}],"wp:term":[{"taxonomy":"category","embeddable":true,"href":"https:\/\/emaus18.pl\/index.php?rest_route=%2Fwp%2Fv2%2Fcategories&post=5634"},{"taxonomy":"post_tag","embeddable":true,"href":"https:\/\/emaus18.pl\/index.php?rest_route=%2Fwp%2Fv2%2Ftags&post=5634"}],"curies":[{"name":"wp","href":"https:\/\/api.w.org\/{rel}","templated":true}]}}