{"id":14233,"date":"2026-05-02T07:20:34","date_gmt":"2026-05-02T05:20:34","guid":{"rendered":"https:\/\/emaus18.pl\/?p=14233"},"modified":"2026-05-02T07:20:36","modified_gmt":"2026-05-02T05:20:36","slug":"koncert-muzyczne-pory-roku-wiosna","status":"publish","type":"post","link":"https:\/\/emaus18.pl\/?p=14233","title":{"rendered":"Koncert \u201eMuzyczne Pory Roku \u2013 Wiosna\u201d"},"content":{"rendered":"\n<p>Mieli\u015bmy okazj\u0119 uczestniczy\u0107 w koncercie \u201eMuzyczne Pory Roku \u2013 Wiosna\u201d, kt\u00f3ry odby\u0142 si\u0119 w Pa\u0144stwowa Szko\u0142a Muzyczna II stopnia im. W\u0142adys\u0142awa \u017bele\u0144skiego w Krakowie . By\u0142o to wyj\u0105tkowe spotkanie z muzyk\u0105, pe\u0142ne pi\u0119knych emocji, wiosennej energii i artystycznych wzrusze\u0144. Dzi\u0119kujemy za zaproszenie oraz mo\u017cliwo\u015b\u0107 udzia\u0142u w tym niezwyk\u0142ym wydarzeniu.<\/p>\n\n\n\n<figure class=\"wp-block-image\"><img loading=\"lazy\" decoding=\"async\" width=\"16\" height=\"16\" src=\"https:\/\/emaus18.pl\/wp-content\/uploads\/2026\/05\/1f337.png\" alt=\"\ud83c\udf37\" class=\"wp-image-14237\"\/><\/figure>\n\n\n\n<figure class=\"wp-block-image\"><img loading=\"lazy\" decoding=\"async\" width=\"16\" height=\"16\" src=\"https:\/\/emaus18.pl\/wp-content\/uploads\/2026\/05\/1f3b6.png\" alt=\"\ud83c\udfb6\" class=\"wp-image-14238\"\/><\/figure>\n\n\n\n<figure class=\"wp-block-gallery has-nested-images columns-default is-cropped wp-block-gallery-1 is-layout-flex wp-block-gallery-is-layout-flex\">\n<figure class=\"wp-block-image size-large\"><img loading=\"lazy\" decoding=\"async\" width=\"462\" height=\"1000\" data-id=\"14236\" src=\"https:\/\/emaus18.pl\/wp-content\/uploads\/2026\/05\/01.jpg\" alt=\"\" class=\"wp-image-14236\" srcset=\"https:\/\/emaus18.pl\/wp-content\/uploads\/2026\/05\/01.jpg 462w, https:\/\/emaus18.pl\/wp-content\/uploads\/2026\/05\/01-139x300.jpg 139w\" sizes=\"(max-width: 462px) 100vw, 462px\" \/><\/figure>\n\n\n\n<figure class=\"wp-block-image size-large\"><img loading=\"lazy\" decoding=\"async\" width=\"462\" height=\"1000\" data-id=\"14235\" src=\"https:\/\/emaus18.pl\/wp-content\/uploads\/2026\/05\/02.jpg\" alt=\"\" class=\"wp-image-14235\" srcset=\"https:\/\/emaus18.pl\/wp-content\/uploads\/2026\/05\/02.jpg 462w, https:\/\/emaus18.pl\/wp-content\/uploads\/2026\/05\/02-139x300.jpg 139w\" sizes=\"(max-width: 462px) 100vw, 462px\" \/><\/figure>\n\n\n\n<figure class=\"wp-block-image size-large\"><img loading=\"lazy\" decoding=\"async\" width=\"462\" height=\"1000\" data-id=\"14234\" src=\"https:\/\/emaus18.pl\/wp-content\/uploads\/2026\/05\/03.jpg\" alt=\"\" class=\"wp-image-14234\" srcset=\"https:\/\/emaus18.pl\/wp-content\/uploads\/2026\/05\/03.jpg 462w, https:\/\/emaus18.pl\/wp-content\/uploads\/2026\/05\/03-139x300.jpg 139w\" sizes=\"(max-width: 462px) 100vw, 462px\" \/><\/figure>\n<\/figure>\n","protected":false},"excerpt":{"rendered":"<p>Mieli\u015bmy okazj\u0119 uczestniczy\u0107 w koncercie \u201eMuzyczne Pory Roku \u2013 Wiosna\u201d, kt\u00f3ry odby\u0142 si\u0119 w Pa\u0144stwowa Szko\u0142a Muzyczna II stopnia im. W\u0142adys\u0142awa \u017bele\u0144skiego w Krakowie . By\u0142o to wyj\u0105tkowe spotkanie z muzyk\u0105, pe\u0142ne pi\u0119knych emocji, wiosennej energii i artystycznych wzrusze\u0144. Dzi\u0119kujemy za zaproszenie oraz mo\u017cliwo\u015b\u0107 udzia\u0142u w tym niezwyk\u0142ym wydarzeniu.<\/p>\n","protected":false},"author":2,"featured_media":14236,"comment_status":"closed","ping_status":"closed","sticky":false,"template":"","format":"standard","meta":{"_et_pb_use_builder":"off","_et_pb_old_content":"","_et_gb_content_width":"1080","footnotes":""},"categories":[4],"tags":[],"class_list":["post-14233","post","type-post","status-publish","format-standard","has-post-thumbnail","hentry","category-aktualnosci"],"_links":{"self":[{"href":"https:\/\/emaus18.pl\/index.php?rest_route=\/wp\/v2\/posts\/14233","targetHints":{"allow":["GET"]}}],"collection":[{"href":"https:\/\/emaus18.pl\/index.php?rest_route=\/wp\/v2\/posts"}],"about":[{"href":"https:\/\/emaus18.pl\/index.php?rest_route=\/wp\/v2\/types\/post"}],"author":[{"embeddable":true,"href":"https:\/\/emaus18.pl\/index.php?rest_route=\/wp\/v2\/users\/2"}],"replies":[{"embeddable":true,"href":"https:\/\/emaus18.pl\/index.php?rest_route=%2Fwp%2Fv2%2Fcomments&post=14233"}],"version-history":[{"count":1,"href":"https:\/\/emaus18.pl\/index.php?rest_route=\/wp\/v2\/posts\/14233\/revisions"}],"predecessor-version":[{"id":14239,"href":"https:\/\/emaus18.pl\/index.php?rest_route=\/wp\/v2\/posts\/14233\/revisions\/14239"}],"wp:featuredmedia":[{"embeddable":true,"href":"https:\/\/emaus18.pl\/index.php?rest_route=\/wp\/v2\/media\/14236"}],"wp:attachment":[{"href":"https:\/\/emaus18.pl\/index.php?rest_route=%2Fwp%2Fv2%2Fmedia&parent=14233"}],"wp:term":[{"taxonomy":"category","embeddable":true,"href":"https:\/\/emaus18.pl\/index.php?rest_route=%2Fwp%2Fv2%2Fcategories&post=14233"},{"taxonomy":"post_tag","embeddable":true,"href":"https:\/\/emaus18.pl\/index.php?rest_route=%2Fwp%2Fv2%2Ftags&post=14233"}],"curies":[{"name":"wp","href":"https:\/\/api.w.org\/{rel}","templated":true}]}}