{"id":14209,"date":"2026-04-28T12:41:03","date_gmt":"2026-04-28T10:41:03","guid":{"rendered":"https:\/\/emaus18.pl\/?p=14209"},"modified":"2026-04-28T12:41:06","modified_gmt":"2026-04-28T10:41:06","slug":"obchody-dni-osob-z-niepelnosprawnosciami","status":"publish","type":"post","link":"https:\/\/emaus18.pl\/?p=14209","title":{"rendered":"Obchody Dni Os\u00f3b z Niepe\u0142nosprawno\u015bciami"},"content":{"rendered":"\n<p>Zapraszamy serdecznie w imieniu ZUS na obchody Dni Os\u00f3b z Niepe\u0142nosprawno\u015bciami <img loading=\"lazy\" decoding=\"async\" height=\"16\" width=\"16\" src=\"https:\/\/static.xx.fbcdn.net\/images\/emoji.php\/v9\/t6c\/1\/16\/1f499.png\" alt=\"\ud83d\udc99\"><img loading=\"lazy\" decoding=\"async\" height=\"16\" width=\"16\" src=\"https:\/\/static.xx.fbcdn.net\/images\/emoji.php\/v9\/t7e\/1\/16\/1f4c5.png\" alt=\"\ud83d\udcc5\"> 13 maja 2026 r. (\u015broda) <img loading=\"lazy\" decoding=\"async\" height=\"16\" width=\"16\" src=\"https:\/\/static.xx.fbcdn.net\/images\/emoji.php\/v9\/t31\/1\/16\/1f559.png\" alt=\"\ud83d\udd59\"> Godz. 10:00\u201312:00 Has\u0142o tegorocznego wydarzenia: \u201eWsparcie na ka\u017cdym etapie \u017cycia\u201d W programie m.in.: <img loading=\"lazy\" decoding=\"async\" height=\"16\" width=\"16\" src=\"https:\/\/static.xx.fbcdn.net\/images\/emoji.php\/v9\/t4d\/1\/16\/1f4de.png\" alt=\"\ud83d\udcde\"> Dy\u017cur telefoniczny PFRON\u2013ZUS \u2013 porady dla pracodawc\u00f3w zatrudniaj\u0105cych osoby z niepe\u0142nosprawno\u015bciami <img loading=\"lazy\" decoding=\"async\" height=\"16\" width=\"16\" src=\"https:\/\/static.xx.fbcdn.net\/images\/emoji.php\/v9\/tac\/1\/16\/1f4cc.png\" alt=\"\ud83d\udccc\"> Informacje o \u015bwiadczeniach i formach wsparcia oferowanych przez ZUS <img loading=\"lazy\" decoding=\"async\" height=\"16\" width=\"16\" src=\"https:\/\/static.xx.fbcdn.net\/images\/emoji.php\/v9\/td8\/1\/16\/1f4f2.png\" alt=\"\ud83d\udcf2\"> Udzia\u0142 jest bezp\u0142atny, a wszystkie wydarzenia s\u0105 otwarte dla zainteresowanych. Szczeg\u00f3\u0142y i harmonogram dost\u0119pne na stronie: <a href=\"http:\/\/www.zus.pl\/\" target=\"_blank\" rel=\"noreferrer noopener\">www.zus.pl<\/a> Do\u0142\u0105czcie do nas i skorzystajcie z wiedzy oraz wsparcia ekspert\u00f3w!<a href=\"http:\/\/www.zus.pl\/\" target=\"_blank\" rel=\"noreferrer noopener\"><\/a><\/p>\n\n\n\n<p><a href=\"http:\/\/www.zus.pl\/\" rel=\"noreferrer noopener\" target=\"_blank\">www.zus.pl<\/a><\/p>\n\n\n\n<figure class=\"wp-block-image size-full\"><img loading=\"lazy\" decoding=\"async\" width=\"707\" height=\"1000\" src=\"https:\/\/emaus18.pl\/wp-content\/uploads\/2026\/04\/01-30.jpg\" alt=\"\" class=\"wp-image-14210\" srcset=\"https:\/\/emaus18.pl\/wp-content\/uploads\/2026\/04\/01-30.jpg 707w, https:\/\/emaus18.pl\/wp-content\/uploads\/2026\/04\/01-30-480x679.jpg 480w\" sizes=\"(min-width: 0px) and (max-width: 480px) 480px, (min-width: 481px) 707px, 100vw\" \/><\/figure>\n","protected":false},"excerpt":{"rendered":"<p>Zapraszamy serdecznie w imieniu ZUS na obchody Dni Os\u00f3b z Niepe\u0142nosprawno\u015bciami 13 maja 2026 r. (\u015broda) Godz. 10:00\u201312:00 Has\u0142o tegorocznego wydarzenia: \u201eWsparcie na ka\u017cdym etapie \u017cycia\u201d W programie m.in.: Dy\u017cur telefoniczny PFRON\u2013ZUS \u2013 porady dla pracodawc\u00f3w zatrudniaj\u0105cych osoby z niepe\u0142nosprawno\u015bciami Informacje o \u015bwiadczeniach i formach wsparcia oferowanych przez ZUS Udzia\u0142 jest bezp\u0142atny, a wszystkie wydarzenia [&hellip;]<\/p>\n","protected":false},"author":2,"featured_media":14210,"comment_status":"closed","ping_status":"closed","sticky":false,"template":"","format":"standard","meta":{"_et_pb_use_builder":"off","_et_pb_old_content":"","_et_gb_content_width":"1080","footnotes":""},"categories":[4],"tags":[],"class_list":["post-14209","post","type-post","status-publish","format-standard","has-post-thumbnail","hentry","category-aktualnosci"],"_links":{"self":[{"href":"https:\/\/emaus18.pl\/index.php?rest_route=\/wp\/v2\/posts\/14209","targetHints":{"allow":["GET"]}}],"collection":[{"href":"https:\/\/emaus18.pl\/index.php?rest_route=\/wp\/v2\/posts"}],"about":[{"href":"https:\/\/emaus18.pl\/index.php?rest_route=\/wp\/v2\/types\/post"}],"author":[{"embeddable":true,"href":"https:\/\/emaus18.pl\/index.php?rest_route=\/wp\/v2\/users\/2"}],"replies":[{"embeddable":true,"href":"https:\/\/emaus18.pl\/index.php?rest_route=%2Fwp%2Fv2%2Fcomments&post=14209"}],"version-history":[{"count":1,"href":"https:\/\/emaus18.pl\/index.php?rest_route=\/wp\/v2\/posts\/14209\/revisions"}],"predecessor-version":[{"id":14211,"href":"https:\/\/emaus18.pl\/index.php?rest_route=\/wp\/v2\/posts\/14209\/revisions\/14211"}],"wp:featuredmedia":[{"embeddable":true,"href":"https:\/\/emaus18.pl\/index.php?rest_route=\/wp\/v2\/media\/14210"}],"wp:attachment":[{"href":"https:\/\/emaus18.pl\/index.php?rest_route=%2Fwp%2Fv2%2Fmedia&parent=14209"}],"wp:term":[{"taxonomy":"category","embeddable":true,"href":"https:\/\/emaus18.pl\/index.php?rest_route=%2Fwp%2Fv2%2Fcategories&post=14209"},{"taxonomy":"post_tag","embeddable":true,"href":"https:\/\/emaus18.pl\/index.php?rest_route=%2Fwp%2Fv2%2Ftags&post=14209"}],"curies":[{"name":"wp","href":"https:\/\/api.w.org\/{rel}","templated":true}]}}