{"id":13583,"date":"2026-03-18T08:25:38","date_gmt":"2026-03-18T07:25:38","guid":{"rendered":"https:\/\/emaus18.pl\/?p=13583"},"modified":"2026-03-18T08:25:41","modified_gmt":"2026-03-18T07:25:41","slug":"przekaz-nam-15-podatku","status":"publish","type":"post","link":"https:\/\/emaus18.pl\/?p=13583","title":{"rendered":"Przeka\u017c nam 1,5% podatku"},"content":{"rendered":"\n<figure class=\"wp-block-image\"><img decoding=\"async\" src=\"https:\/\/static.xx.fbcdn.net\/images\/emoji.php\/v9\/t69\/1\/16\/1f331.png\" alt=\"\ud83c\udf31\"\/><\/figure>\n\n\n\n<p>Przeka\u017c 1,5% podatku na rzecz Stowarzyszenie EMAUS<\/p>\n\n\n\n<figure class=\"wp-block-image\"><img decoding=\"async\" src=\"https:\/\/static.xx.fbcdn.net\/images\/emoji.php\/v9\/t94\/1\/16\/1f49a.png\" alt=\"\ud83d\udc9a\"\/><\/figure>\n\n\n\n<p>Wasze 1,5% podatku mo\u017ce realnie zmienia\u0107 \u017cycie wielu os\u00f3b i zwierz\u0105t. Dzi\u0119ki temu wsparciu mo\u017cemy ka\u017cdego dnia dzia\u0142a\u0107 dla tych, kt\u00f3rzy najbardziej tego potrzebuj\u0105.<\/p>\n\n\n\n<figure class=\"wp-block-image\"><img decoding=\"async\" src=\"https:\/\/static.xx.fbcdn.net\/images\/emoji.php\/v9\/t15\/1\/16\/1f49b.png\" alt=\"\ud83d\udc9b\"\/><\/figure>\n\n\n\n<p>Dlaczego warto nas wesprze\u0107?<\/p>\n\n\n\n<figure class=\"wp-block-image\"><img decoding=\"async\" src=\"https:\/\/static.xx.fbcdn.net\/images\/emoji.php\/v9\/t10\/1\/16\/1f9d1_200d_1f9bd.png\" alt=\"\ud83e\uddd1\u200d\ud83e\uddbd\"\/><\/figure>\n\n\n\n<p>Wspieramy osoby z niepe\u0142nosprawno\u015bciami \u2013 tworzymy dla nich przestrze\u0144 rozwoju, pracy i integracji. Pomagamy odkrywa\u0107 talenty, budowa\u0107 samodzielno\u015b\u0107 i poczucie w\u0142asnej warto\u015bci.<\/p>\n\n\n\n<figure class=\"wp-block-image\"><img decoding=\"async\" src=\"https:\/\/static.xx.fbcdn.net\/images\/emoji.php\/v9\/t64\/1\/16\/1f91d.png\" alt=\"\ud83e\udd1d\"\/><\/figure>\n\n\n\n<p>Aktywizujemy spo\u0142ecznie i zawodowo \u2013 prowadzimy dzia\u0142ania, warsztaty i inicjatywy, kt\u00f3re pozwalaj\u0105 uczestnikom rozwija\u0107 umiej\u0119tno\u015bci oraz wraca\u0107 do aktywnego \u017cycia.<\/p>\n\n\n\n<figure class=\"wp-block-image\"><img decoding=\"async\" src=\"https:\/\/static.xx.fbcdn.net\/images\/emoji.php\/v9\/tf6\/1\/16\/1f3e0.png\" alt=\"\ud83c\udfe0\"\/><\/figure>\n\n\n\n<p>Pomagamy osobom w kryzysie bezdomno\u015bci &#8211; aby chod\u017a przez chwilk\u0119 poczuli si\u0119 docenieni i szcz\u0119\u015bliwi.<\/p>\n\n\n\n<figure class=\"wp-block-image\"><img decoding=\"async\" src=\"https:\/\/static.xx.fbcdn.net\/images\/emoji.php\/v9\/tde\/1\/16\/1f43e.png\" alt=\"\ud83d\udc3e\"\/><\/figure>\n\n\n\n<p>Nie zapominamy o bezdomnych zwierz\u0119tach \u2013 szyj\u0105c legowiska z materia\u0142\u00f3w z recyklingu.<\/p>\n\n\n\n<figure class=\"wp-block-image\"><img decoding=\"async\" src=\"https:\/\/static.xx.fbcdn.net\/images\/emoji.php\/v9\/t1e\/1\/16\/1f33f.png\" alt=\"\ud83c\udf3f\"\/><\/figure>\n\n\n\n<p>Twoje 1,5% to: wi\u0119cej terapii i wsparcia dla os\u00f3b z niepe\u0142nosprawno\u015bciami realna pomoc dla os\u00f3b w kryzysie bezdomno\u015bci szansa na lepsze \u017cycie dla bezdomnych zwierz\u0105t rozw\u00f3j dzia\u0142a\u0144 spo\u0142ecznych i ekologicznych<\/p>\n\n\n\n<figure class=\"wp-block-image\"><img decoding=\"async\" src=\"https:\/\/static.xx.fbcdn.net\/images\/emoji.php\/v9\/t80\/1\/16\/1f64f.png\" alt=\"\ud83d\ude4f\"\/><\/figure>\n\n\n\n<p>Ka\u017cdy procent ma znaczenie. Dzi\u0119kujemy za ka\u017cd\u0105 form\u0119 wsparcia!<\/p>\n\n\n\n<figure class=\"wp-block-image\"><img decoding=\"async\" src=\"https:\/\/static.xx.fbcdn.net\/images\/emoji.php\/v9\/t94\/1\/16\/1f49a.png\" alt=\"\ud83d\udc9a\"\/><\/figure>\n\n\n\n<p>Razem mo\u017cemy zrobi\u0107 naprawd\u0119 du\u017co dobra. #1procent #1_5procent #EMAUS #Pomagamy #Wsparcie #Niepe\u0142nosprawno\u015b\u0107 #Pomoc #Bezdomno\u015b\u0107 #PomagamyZwierz\u0119tom #DobroWraca #RazemMo\u017cemyWi\u0119cej<\/p>\n\n\n\n<figure class=\"wp-block-image\"><img decoding=\"async\" src=\"https:\/\/static.xx.fbcdn.net\/images\/emoji.php\/v9\/t69\/1\/16\/1f331.png\" alt=\"\ud83c\udf31\"\/><\/figure>\n\n\n\n<figure class=\"wp-block-image\"><img decoding=\"async\" src=\"https:\/\/static.xx.fbcdn.net\/images\/emoji.php\/v9\/tde\/1\/16\/1f43e.png\" alt=\"\ud83d\udc3e\"\/><\/figure>\n\n\n\n<figure class=\"wp-block-image\"><img decoding=\"async\" src=\"https:\/\/static.xx.fbcdn.net\/images\/emoji.php\/v9\/t64\/1\/16\/1f91d.png\" alt=\"\ud83e\udd1d\"\/><\/figure>\n\n\n\n<figure class=\"wp-block-image size-full\"><img loading=\"lazy\" decoding=\"async\" width=\"940\" height=\"940\" src=\"https:\/\/emaus18.pl\/wp-content\/uploads\/2026\/03\/02-11.jpg\" alt=\"\" class=\"wp-image-13585\" srcset=\"https:\/\/emaus18.pl\/wp-content\/uploads\/2026\/03\/02-11.jpg 940w, https:\/\/emaus18.pl\/wp-content\/uploads\/2026\/03\/02-11-480x480.jpg 480w\" sizes=\"(min-width: 0px) and (max-width: 480px) 480px, (min-width: 481px) 940px, 100vw\" \/><\/figure>\n","protected":false},"excerpt":{"rendered":"<p>Przeka\u017c 1,5% podatku na rzecz Stowarzyszenie EMAUS Wasze 1,5% podatku mo\u017ce realnie zmienia\u0107 \u017cycie wielu os\u00f3b i zwierz\u0105t. Dzi\u0119ki temu wsparciu mo\u017cemy ka\u017cdego dnia dzia\u0142a\u0107 dla tych, kt\u00f3rzy najbardziej tego potrzebuj\u0105. Dlaczego warto nas wesprze\u0107? Wspieramy osoby z niepe\u0142nosprawno\u015bciami \u2013 tworzymy dla nich przestrze\u0144 rozwoju, pracy i integracji. Pomagamy odkrywa\u0107 talenty, budowa\u0107 samodzielno\u015b\u0107 i poczucie [&hellip;]<\/p>\n","protected":false},"author":2,"featured_media":13585,"comment_status":"closed","ping_status":"closed","sticky":false,"template":"","format":"standard","meta":{"_et_pb_use_builder":"off","_et_pb_old_content":"","_et_gb_content_width":"1080","footnotes":""},"categories":[4],"tags":[],"class_list":["post-13583","post","type-post","status-publish","format-standard","has-post-thumbnail","hentry","category-aktualnosci"],"_links":{"self":[{"href":"https:\/\/emaus18.pl\/index.php?rest_route=\/wp\/v2\/posts\/13583","targetHints":{"allow":["GET"]}}],"collection":[{"href":"https:\/\/emaus18.pl\/index.php?rest_route=\/wp\/v2\/posts"}],"about":[{"href":"https:\/\/emaus18.pl\/index.php?rest_route=\/wp\/v2\/types\/post"}],"author":[{"embeddable":true,"href":"https:\/\/emaus18.pl\/index.php?rest_route=\/wp\/v2\/users\/2"}],"replies":[{"embeddable":true,"href":"https:\/\/emaus18.pl\/index.php?rest_route=%2Fwp%2Fv2%2Fcomments&post=13583"}],"version-history":[{"count":2,"href":"https:\/\/emaus18.pl\/index.php?rest_route=\/wp\/v2\/posts\/13583\/revisions"}],"predecessor-version":[{"id":13586,"href":"https:\/\/emaus18.pl\/index.php?rest_route=\/wp\/v2\/posts\/13583\/revisions\/13586"}],"wp:featuredmedia":[{"embeddable":true,"href":"https:\/\/emaus18.pl\/index.php?rest_route=\/wp\/v2\/media\/13585"}],"wp:attachment":[{"href":"https:\/\/emaus18.pl\/index.php?rest_route=%2Fwp%2Fv2%2Fmedia&parent=13583"}],"wp:term":[{"taxonomy":"category","embeddable":true,"href":"https:\/\/emaus18.pl\/index.php?rest_route=%2Fwp%2Fv2%2Fcategories&post=13583"},{"taxonomy":"post_tag","embeddable":true,"href":"https:\/\/emaus18.pl\/index.php?rest_route=%2Fwp%2Fv2%2Ftags&post=13583"}],"curies":[{"name":"wp","href":"https:\/\/api.w.org\/{rel}","templated":true}]}}