{"id":13580,"date":"2026-03-18T08:24:38","date_gmt":"2026-03-18T07:24:38","guid":{"rendered":"https:\/\/emaus18.pl\/?p=13580"},"modified":"2026-03-18T08:24:41","modified_gmt":"2026-03-18T07:24:41","slug":"wiosenne-spotkanie-sasiedzkie","status":"publish","type":"post","link":"https:\/\/emaus18.pl\/?p=13580","title":{"rendered":"Wiosenne Spotkanie S\u0105siedzkie"},"content":{"rendered":"\n<figure class=\"wp-block-image\"><img decoding=\"async\" src=\"https:\/\/static.xx.fbcdn.net\/images\/emoji.php\/v9\/t9b\/1\/16\/1f33c.png\" alt=\"\ud83c\udf3c\"\/><\/figure>\n\n\n\n<p>Wiosenne Spotkanie S\u0105siedzkie \u2013 zapraszamy!<\/p>\n\n\n\n<figure class=\"wp-block-image\"><img decoding=\"async\" src=\"https:\/\/static.xx.fbcdn.net\/images\/emoji.php\/v9\/t9b\/1\/16\/1f33c.png\" alt=\"\ud83c\udf3c\"\/><\/figure>\n\n\n\n<p>W imieniu swoim oraz organizator\u00f3w serdecznie zapraszamy na Wiosenne Spotkanie S\u0105siedzkie, kt\u00f3re odb\u0119dzie si\u0119 28 marca w godz. 10:00\u201316:00 w Miejscu Aktywno\u015bci Mieszka\u0144c\u00f3w przy ul. Wielickiej 79 w Krakowie. Przygotowali\u015bmy dla Was dzie\u0144 pe\u0142en atrakcji:<\/p>\n\n\n\n<figure class=\"wp-block-image\"><img decoding=\"async\" src=\"https:\/\/static.xx.fbcdn.net\/images\/emoji.php\/v9\/t1e\/1\/16\/1f33f.png\" alt=\"\ud83c\udf3f\"\/><\/figure>\n\n\n\n<p>spotkanie o permakulturze w mie\u015bcie z Fundacj\u0105 Biotop Lechnica<\/p>\n\n\n\n<figure class=\"wp-block-image\"><img decoding=\"async\" src=\"https:\/\/static.xx.fbcdn.net\/images\/emoji.php\/v9\/td\/1\/16\/1f423.png\" alt=\"\ud83d\udc23\"\/><\/figure>\n\n\n\n<p>kiermasz wielkanocnych ozd\u00f3b wykonanych przez uczestnik\u00f3w WTZ Stowarzyszenia EMAUS<\/p>\n\n\n\n<figure class=\"wp-block-image\"><img decoding=\"async\" src=\"https:\/\/static.xx.fbcdn.net\/images\/emoji.php\/v9\/t69\/1\/16\/1f331.png\" alt=\"\ud83c\udf31\"\/><\/figure>\n\n\n\n<p>wymian\u0119 ro\u015blin z mieszka\u0144cami<\/p>\n\n\n\n<figure class=\"wp-block-image\"><img decoding=\"async\" src=\"https:\/\/static.xx.fbcdn.net\/images\/emoji.php\/v9\/tf0\/1\/16\/1f338.png\" alt=\"\ud83c\udf38\"\/><\/figure>\n\n\n\n<p>wsp\u00f3lne sadzenie wiosennych kwiat\u00f3w \u201ePosad\u017amy razem Wiosn\u0119\u201d<\/p>\n\n\n\n<figure class=\"wp-block-image\"><img decoding=\"async\" src=\"https:\/\/static.xx.fbcdn.net\/images\/emoji.php\/v9\/t6b\/1\/16\/1f333.png\" alt=\"\ud83c\udf33\"\/><\/figure>\n\n\n\n<p>spotkanie z Ogrodami Spo\u0142ecznymi Stary Bie\u017can\u00f3w i rozmowy o naturalnych nawozach<\/p>\n\n\n\n<figure class=\"wp-block-image\"><img decoding=\"async\" src=\"https:\/\/static.xx.fbcdn.net\/images\/emoji.php\/v9\/t7e\/1\/16\/1f3a4.png\" alt=\"\ud83c\udfa4\"\/><\/figure>\n\n\n\n<p>na zako\u0144czenie \u2013 s\u0105siedzkie karaoke B\u0119dzie du\u017co zieleni, inspiracji, rozm\u00f3w i dobrej energii. Dla uczestnik\u00f3w przygotowali\u015bmy tak\u017ce ro\u015blinne upominki<\/p>\n\n\n\n<figure class=\"wp-block-image\"><img decoding=\"async\" src=\"https:\/\/static.xx.fbcdn.net\/images\/emoji.php\/v9\/t69\/1\/16\/1f331.png\" alt=\"\ud83c\udf31\"\/><\/figure>\n\n\n\n<p>Do zobaczenia!<\/p>\n\n\n\n<figure class=\"wp-block-image\"><img decoding=\"async\" src=\"https:\/\/static.xx.fbcdn.net\/images\/emoji.php\/v9\/t94\/1\/16\/1f49a.png\" alt=\"\ud83d\udc9a\"\/><\/figure>\n\n\n\n<figure class=\"wp-block-image size-full\"><img loading=\"lazy\" decoding=\"async\" width=\"960\" height=\"540\" src=\"https:\/\/emaus18.pl\/wp-content\/uploads\/2026\/03\/01-16.jpg\" alt=\"\" class=\"wp-image-13581\" srcset=\"https:\/\/emaus18.pl\/wp-content\/uploads\/2026\/03\/01-16.jpg 960w, https:\/\/emaus18.pl\/wp-content\/uploads\/2026\/03\/01-16-480x270.jpg 480w\" sizes=\"(min-width: 0px) and (max-width: 480px) 480px, (min-width: 481px) 960px, 100vw\" \/><\/figure>\n","protected":false},"excerpt":{"rendered":"<p>Wiosenne Spotkanie S\u0105siedzkie \u2013 zapraszamy! W imieniu swoim oraz organizator\u00f3w serdecznie zapraszamy na Wiosenne Spotkanie S\u0105siedzkie, kt\u00f3re odb\u0119dzie si\u0119 28 marca w godz. 10:00\u201316:00 w Miejscu Aktywno\u015bci Mieszka\u0144c\u00f3w przy ul. Wielickiej 79 w Krakowie. Przygotowali\u015bmy dla Was dzie\u0144 pe\u0142en atrakcji: spotkanie o permakulturze w mie\u015bcie z Fundacj\u0105 Biotop Lechnica kiermasz wielkanocnych ozd\u00f3b wykonanych przez uczestnik\u00f3w [&hellip;]<\/p>\n","protected":false},"author":2,"featured_media":13581,"comment_status":"closed","ping_status":"closed","sticky":false,"template":"","format":"standard","meta":{"_et_pb_use_builder":"off","_et_pb_old_content":"","_et_gb_content_width":"1080","footnotes":""},"categories":[4],"tags":[],"class_list":["post-13580","post","type-post","status-publish","format-standard","has-post-thumbnail","hentry","category-aktualnosci"],"_links":{"self":[{"href":"https:\/\/emaus18.pl\/index.php?rest_route=\/wp\/v2\/posts\/13580","targetHints":{"allow":["GET"]}}],"collection":[{"href":"https:\/\/emaus18.pl\/index.php?rest_route=\/wp\/v2\/posts"}],"about":[{"href":"https:\/\/emaus18.pl\/index.php?rest_route=\/wp\/v2\/types\/post"}],"author":[{"embeddable":true,"href":"https:\/\/emaus18.pl\/index.php?rest_route=\/wp\/v2\/users\/2"}],"replies":[{"embeddable":true,"href":"https:\/\/emaus18.pl\/index.php?rest_route=%2Fwp%2Fv2%2Fcomments&post=13580"}],"version-history":[{"count":1,"href":"https:\/\/emaus18.pl\/index.php?rest_route=\/wp\/v2\/posts\/13580\/revisions"}],"predecessor-version":[{"id":13582,"href":"https:\/\/emaus18.pl\/index.php?rest_route=\/wp\/v2\/posts\/13580\/revisions\/13582"}],"wp:featuredmedia":[{"embeddable":true,"href":"https:\/\/emaus18.pl\/index.php?rest_route=\/wp\/v2\/media\/13581"}],"wp:attachment":[{"href":"https:\/\/emaus18.pl\/index.php?rest_route=%2Fwp%2Fv2%2Fmedia&parent=13580"}],"wp:term":[{"taxonomy":"category","embeddable":true,"href":"https:\/\/emaus18.pl\/index.php?rest_route=%2Fwp%2Fv2%2Fcategories&post=13580"},{"taxonomy":"post_tag","embeddable":true,"href":"https:\/\/emaus18.pl\/index.php?rest_route=%2Fwp%2Fv2%2Ftags&post=13580"}],"curies":[{"name":"wp","href":"https:\/\/api.w.org\/{rel}","templated":true}]}}