{"id":13577,"date":"2026-03-17T12:30:42","date_gmt":"2026-03-17T11:30:42","guid":{"rendered":"https:\/\/emaus18.pl\/?p=13577"},"modified":"2026-03-17T12:30:44","modified_gmt":"2026-03-17T11:30:44","slug":"wiosenny-kiermasz-dla-filipa","status":"publish","type":"post","link":"https:\/\/emaus18.pl\/?p=13577","title":{"rendered":"Wiosenny Kiermasz dla Filipa"},"content":{"rendered":"\n<p>Do\u0142\u0105czamy do Wiosennego Kiermaszu dla Filipa<\/p>\n\n\n\n<figure class=\"wp-block-image\"><img decoding=\"async\" src=\"https:\/\/static.xx.fbcdn.net\/images\/emoji.php\/v9\/t94\/1\/16\/1f49a.png\" alt=\"\ud83d\udc9a\"\/><\/figure>\n\n\n\n<figure class=\"wp-block-image\"><img decoding=\"async\" src=\"https:\/\/static.xx.fbcdn.net\/images\/emoji.php\/v9\/tf0\/1\/16\/1f338.png\" alt=\"\ud83c\udf38\"\/><\/figure>\n\n\n\n<p>Z rado\u015bci\u0105 informujemy, \u017ce i my dok\u0142adamy swoj\u0105 cegie\u0142k\u0119, przekazuj\u0105c rzeczy na kiermasz dla Filipa. Wierzymy, \u017ce w trudnych chwilach najwa\u017cniejsze jest wsparcie, solidarno\u015b\u0107 i bycie razem \u2013 bo dobro zawsze wraca. Ka\u017cdy z nas mo\u017ce pom\u00f3c, nawet najmniejszym gestem. Dlatego serdecznie zapraszamy Was na kiermasz \u2013 przyjd\u017acie, sp\u0119d\u017acie mi\u0142o czas i wesprzyjcie t\u0119 pi\u0119kn\u0105 inicjatyw\u0119. Razem mo\u017cemy wi\u0119cej<\/p>\n\n\n\n<figure class=\"wp-block-image\"><img decoding=\"async\" src=\"https:\/\/static.xx.fbcdn.net\/images\/emoji.php\/v9\/t6c\/1\/16\/1f4aa.png\" alt=\"\ud83d\udcaa\"\/><\/figure>\n\n\n\n<p>Pomagajmy, bo warto<\/p>\n\n\n\n<figure class=\"wp-block-image\"><img decoding=\"async\" src=\"https:\/\/static.xx.fbcdn.net\/images\/emoji.php\/v9\/t6c\/1\/16\/2764.png\" alt=\"\u2764\ufe0f\"\/><\/figure>\n\n\n\n<figure class=\"wp-block-image size-full\"><img loading=\"lazy\" decoding=\"async\" width=\"708\" height=\"1000\" src=\"https:\/\/emaus18.pl\/wp-content\/uploads\/2026\/03\/01-15.jpg\" alt=\"\" class=\"wp-image-13578\" srcset=\"https:\/\/emaus18.pl\/wp-content\/uploads\/2026\/03\/01-15.jpg 708w, https:\/\/emaus18.pl\/wp-content\/uploads\/2026\/03\/01-15-480x678.jpg 480w\" sizes=\"(min-width: 0px) and (max-width: 480px) 480px, (min-width: 481px) 708px, 100vw\" \/><\/figure>\n","protected":false},"excerpt":{"rendered":"<p>Do\u0142\u0105czamy do Wiosennego Kiermaszu dla Filipa Z rado\u015bci\u0105 informujemy, \u017ce i my dok\u0142adamy swoj\u0105 cegie\u0142k\u0119, przekazuj\u0105c rzeczy na kiermasz dla Filipa. Wierzymy, \u017ce w trudnych chwilach najwa\u017cniejsze jest wsparcie, solidarno\u015b\u0107 i bycie razem \u2013 bo dobro zawsze wraca. Ka\u017cdy z nas mo\u017ce pom\u00f3c, nawet najmniejszym gestem. Dlatego serdecznie zapraszamy Was na kiermasz \u2013 przyjd\u017acie, sp\u0119d\u017acie [&hellip;]<\/p>\n","protected":false},"author":2,"featured_media":13578,"comment_status":"closed","ping_status":"closed","sticky":false,"template":"","format":"standard","meta":{"_et_pb_use_builder":"off","_et_pb_old_content":"","_et_gb_content_width":"1080","footnotes":""},"categories":[4],"tags":[],"class_list":["post-13577","post","type-post","status-publish","format-standard","has-post-thumbnail","hentry","category-aktualnosci"],"_links":{"self":[{"href":"https:\/\/emaus18.pl\/index.php?rest_route=\/wp\/v2\/posts\/13577","targetHints":{"allow":["GET"]}}],"collection":[{"href":"https:\/\/emaus18.pl\/index.php?rest_route=\/wp\/v2\/posts"}],"about":[{"href":"https:\/\/emaus18.pl\/index.php?rest_route=\/wp\/v2\/types\/post"}],"author":[{"embeddable":true,"href":"https:\/\/emaus18.pl\/index.php?rest_route=\/wp\/v2\/users\/2"}],"replies":[{"embeddable":true,"href":"https:\/\/emaus18.pl\/index.php?rest_route=%2Fwp%2Fv2%2Fcomments&post=13577"}],"version-history":[{"count":1,"href":"https:\/\/emaus18.pl\/index.php?rest_route=\/wp\/v2\/posts\/13577\/revisions"}],"predecessor-version":[{"id":13579,"href":"https:\/\/emaus18.pl\/index.php?rest_route=\/wp\/v2\/posts\/13577\/revisions\/13579"}],"wp:featuredmedia":[{"embeddable":true,"href":"https:\/\/emaus18.pl\/index.php?rest_route=\/wp\/v2\/media\/13578"}],"wp:attachment":[{"href":"https:\/\/emaus18.pl\/index.php?rest_route=%2Fwp%2Fv2%2Fmedia&parent=13577"}],"wp:term":[{"taxonomy":"category","embeddable":true,"href":"https:\/\/emaus18.pl\/index.php?rest_route=%2Fwp%2Fv2%2Fcategories&post=13577"},{"taxonomy":"post_tag","embeddable":true,"href":"https:\/\/emaus18.pl\/index.php?rest_route=%2Fwp%2Fv2%2Ftags&post=13577"}],"curies":[{"name":"wp","href":"https:\/\/api.w.org\/{rel}","templated":true}]}}