{"id":13567,"date":"2026-03-13T11:05:23","date_gmt":"2026-03-13T10:05:23","guid":{"rendered":"https:\/\/emaus18.pl\/?p=13567"},"modified":"2026-03-13T11:05:26","modified_gmt":"2026-03-13T10:05:26","slug":"koncert-z-cyklu-musica-ars-amanda","status":"publish","type":"post","link":"https:\/\/emaus18.pl\/?p=13567","title":{"rendered":"Koncert z cyklu Musica Ars Amanda"},"content":{"rendered":"\n<p>Idziemy si\u0119 dzi\u015b ukulturalni\u0107 do Filharmonia Krakowska na koncert z cyklu Musica Ars Amanda<\/p>\n\n\n\n<figure class=\"wp-block-image\"><img loading=\"lazy\" decoding=\"async\" width=\"16\" height=\"16\" src=\"https:\/\/emaus18.pl\/wp-content\/uploads\/2026\/03\/1f3bb.png\" alt=\"\ud83c\udfbb\" class=\"wp-image-13571\"\/><\/figure>\n\n\n\n<figure class=\"wp-block-image\"><img loading=\"lazy\" decoding=\"async\" width=\"16\" height=\"16\" src=\"https:\/\/emaus18.pl\/wp-content\/uploads\/2026\/03\/2728-2.png\" alt=\"\u2728\" class=\"wp-image-13570\"\/><\/figure>\n\n\n\n<p>W dzisiejszym repertuarze \u2013 ponadczasowa muzyka genialnego Wolfgang Amadeus Mozart<\/p>\n\n\n\n<figure class=\"wp-block-image\"><img loading=\"lazy\" decoding=\"async\" width=\"16\" height=\"16\" src=\"https:\/\/emaus18.pl\/wp-content\/uploads\/2026\/03\/1f3bc.png\" alt=\"\ud83c\udfbc\" class=\"wp-image-13569\"\/><\/figure>\n\n\n\n<p>Zapowiada si\u0119 koncert pe\u0142en pi\u0119knych d\u017awi\u0119k\u00f3w, klasycznej elegancji i muzycznych emocji. Czas na chwil\u0119 oddechu od codzienno\u015bci i zanurzenie si\u0119 w \u015bwiecie wielkiej muzyki!<\/p>\n\n\n\n<figure class=\"wp-block-image\"><img loading=\"lazy\" decoding=\"async\" width=\"16\" height=\"16\" src=\"https:\/\/emaus18.pl\/wp-content\/uploads\/2026\/03\/1f3b6.png\" alt=\"\ud83c\udfb6\" class=\"wp-image-13572\"\/><\/figure>\n\n\n\n<p>#FilharmoniaKrakowska #Krak\u00f3w #MusicaArsAmanda #Mozart #MuzykaKlasyczna #Kultura #Wiecz\u00f3rZMuzyk\u0105 #KrakowCulture #ConcertNight #ClassicalMusic<\/p>\n\n\n\n<figure class=\"wp-block-image\"><img loading=\"lazy\" decoding=\"async\" width=\"16\" height=\"16\" src=\"https:\/\/emaus18.pl\/wp-content\/uploads\/2026\/03\/1f3bb.png\" alt=\"\ud83c\udfbb\" class=\"wp-image-13571\"\/><\/figure>\n\n\n\n<figure class=\"wp-block-image\"><img loading=\"lazy\" decoding=\"async\" width=\"16\" height=\"16\" src=\"https:\/\/emaus18.pl\/wp-content\/uploads\/2026\/03\/1f3bc.png\" alt=\"\ud83c\udfbc\" class=\"wp-image-13569\"\/><\/figure>\n\n\n\n<figure class=\"wp-block-image\"><img loading=\"lazy\" decoding=\"async\" width=\"16\" height=\"16\" src=\"https:\/\/emaus18.pl\/wp-content\/uploads\/2026\/03\/2728-2.png\" alt=\"\u2728\" class=\"wp-image-13570\"\/><\/figure>\n\n\n\n<figure class=\"wp-block-image size-full\"><img loading=\"lazy\" decoding=\"async\" width=\"960\" height=\"503\" src=\"https:\/\/emaus18.pl\/wp-content\/uploads\/2026\/03\/001.jpg\" alt=\"\" class=\"wp-image-13568\" srcset=\"https:\/\/emaus18.pl\/wp-content\/uploads\/2026\/03\/001.jpg 960w, https:\/\/emaus18.pl\/wp-content\/uploads\/2026\/03\/001-480x252.jpg 480w\" sizes=\"(min-width: 0px) and (max-width: 480px) 480px, (min-width: 481px) 960px, 100vw\" \/><\/figure>\n","protected":false},"excerpt":{"rendered":"<p>Idziemy si\u0119 dzi\u015b ukulturalni\u0107 do Filharmonia Krakowska na koncert z cyklu Musica Ars Amanda W dzisiejszym repertuarze \u2013 ponadczasowa muzyka genialnego Wolfgang Amadeus Mozart Zapowiada si\u0119 koncert pe\u0142en pi\u0119knych d\u017awi\u0119k\u00f3w, klasycznej elegancji i muzycznych emocji. Czas na chwil\u0119 oddechu od codzienno\u015bci i zanurzenie si\u0119 w \u015bwiecie wielkiej muzyki! #FilharmoniaKrakowska #Krak\u00f3w #MusicaArsAmanda #Mozart #MuzykaKlasyczna #Kultura #Wiecz\u00f3rZMuzyk\u0105 [&hellip;]<\/p>\n","protected":false},"author":2,"featured_media":13568,"comment_status":"closed","ping_status":"closed","sticky":false,"template":"","format":"standard","meta":{"_et_pb_use_builder":"off","_et_pb_old_content":"","_et_gb_content_width":"1080","footnotes":""},"categories":[4],"tags":[],"class_list":["post-13567","post","type-post","status-publish","format-standard","has-post-thumbnail","hentry","category-aktualnosci"],"_links":{"self":[{"href":"https:\/\/emaus18.pl\/index.php?rest_route=\/wp\/v2\/posts\/13567","targetHints":{"allow":["GET"]}}],"collection":[{"href":"https:\/\/emaus18.pl\/index.php?rest_route=\/wp\/v2\/posts"}],"about":[{"href":"https:\/\/emaus18.pl\/index.php?rest_route=\/wp\/v2\/types\/post"}],"author":[{"embeddable":true,"href":"https:\/\/emaus18.pl\/index.php?rest_route=\/wp\/v2\/users\/2"}],"replies":[{"embeddable":true,"href":"https:\/\/emaus18.pl\/index.php?rest_route=%2Fwp%2Fv2%2Fcomments&post=13567"}],"version-history":[{"count":1,"href":"https:\/\/emaus18.pl\/index.php?rest_route=\/wp\/v2\/posts\/13567\/revisions"}],"predecessor-version":[{"id":13573,"href":"https:\/\/emaus18.pl\/index.php?rest_route=\/wp\/v2\/posts\/13567\/revisions\/13573"}],"wp:featuredmedia":[{"embeddable":true,"href":"https:\/\/emaus18.pl\/index.php?rest_route=\/wp\/v2\/media\/13568"}],"wp:attachment":[{"href":"https:\/\/emaus18.pl\/index.php?rest_route=%2Fwp%2Fv2%2Fmedia&parent=13567"}],"wp:term":[{"taxonomy":"category","embeddable":true,"href":"https:\/\/emaus18.pl\/index.php?rest_route=%2Fwp%2Fv2%2Fcategories&post=13567"},{"taxonomy":"post_tag","embeddable":true,"href":"https:\/\/emaus18.pl\/index.php?rest_route=%2Fwp%2Fv2%2Ftags&post=13567"}],"curies":[{"name":"wp","href":"https:\/\/api.w.org\/{rel}","templated":true}]}}