{"id":13540,"date":"2026-03-13T07:21:20","date_gmt":"2026-03-13T06:21:20","guid":{"rendered":"https:\/\/emaus18.pl\/?p=13540"},"modified":"2026-03-13T07:21:24","modified_gmt":"2026-03-13T06:21:24","slug":"nasz-udzial-w-targach-pracy-i-przedsiebiorczosci","status":"publish","type":"post","link":"https:\/\/emaus18.pl\/?p=13540","title":{"rendered":"Nasz udzia\u0142 w Targach Pracy i Przedsi\u0119biorczo\u015bci"},"content":{"rendered":"\n<p>Nasz udzia\u0142 na Targach Pracy i Przedsi\u0119biorczo\u015bci zako\u0144czy\u0142 si\u0119 sukcesem!<\/p>\n\n\n\n<figure class=\"wp-block-image\"><img decoding=\"async\" src=\"https:\/\/static.xx.fbcdn.net\/images\/emoji.php\/v9\/t8c\/1\/16\/1f389.png\" alt=\"\ud83c\udf89\"\/><\/figure>\n\n\n\n<p>Wszystkie ulotki zosta\u0142y rozdane, a podczas wydarzenia odby\u0142o si\u0119 wiele r\u00f3\u017cnorodnych i ciekawych rozm\u00f3w \u2013 nie tylko na tematy zwi\u0105zane z prac\u0105. By\u0142a to \u015bwietna okazja do spotka\u0144, wymiany do\u015bwiadcze\u0144 i inspiruj\u0105cych dyskusji.<\/p>\n\n\n\n<figure class=\"wp-block-image\"><img decoding=\"async\" src=\"https:\/\/static.xx.fbcdn.net\/images\/emoji.php\/v9\/t64\/1\/16\/1f91d.png\" alt=\"\ud83e\udd1d\"\/><\/figure>\n\n\n\n<p>Ewa i Gosia wraz z Panem Grzegorzem spisali si\u0119 znakomicie, reprezentuj\u0105c nas w \u015bwietnym stylu.<\/p>\n\n\n\n<figure class=\"wp-block-image\"><img decoding=\"async\" src=\"https:\/\/static.xx.fbcdn.net\/images\/emoji.php\/v9\/tfe\/1\/16\/1f44f.png\" alt=\"\ud83d\udc4f\"\/><\/figure>\n\n\n\n<p>Jeszcze raz dzi\u0119kujemy Grodzki Urz\u0105d Pracy w Krakowie oraz Fundacja Przestrze\u0144 Rozwoju za wsp\u00f3lne dzia\u0142anie na rzecz reintegracji zawodowej os\u00f3b wykluczonych spo\u0142ecznie. Razem mo\u017cemy wi\u0119cej!<\/p>\n\n\n\n<figure class=\"wp-block-image\"><img decoding=\"async\" src=\"https:\/\/static.xx.fbcdn.net\/images\/emoji.php\/v9\/t6c\/1\/16\/1f499.png\" alt=\"\ud83d\udc99\"\/><\/figure>\n\n\n\n<p>#TargiPracy #Wsp\u00f3\u0142praca #ReintegracjaZawodowa #AktywizacjaZawodowa #Krak\u00f3w #Dzia\u0142amyRazem #IntegracjaSpo\u0142eczna #FundacjaPrzestrze\u0144Rozwoju #GUPKrak\u00f3w<\/p>\n\n\n\n<figure class=\"wp-block-gallery has-nested-images columns-default is-cropped wp-block-gallery-1 is-layout-flex wp-block-gallery-is-layout-flex\">\n<figure class=\"wp-block-image size-large\"><img loading=\"lazy\" decoding=\"async\" width=\"1024\" height=\"768\" data-id=\"13542\" src=\"https:\/\/emaus18.pl\/wp-content\/uploads\/2026\/03\/01-10.jpg\" alt=\"\" class=\"wp-image-13542\" srcset=\"https:\/\/emaus18.pl\/wp-content\/uploads\/2026\/03\/01-10.jpg 1024w, https:\/\/emaus18.pl\/wp-content\/uploads\/2026\/03\/01-10-980x735.jpg 980w, https:\/\/emaus18.pl\/wp-content\/uploads\/2026\/03\/01-10-480x360.jpg 480w\" sizes=\"(min-width: 0px) and (max-width: 480px) 480px, (min-width: 481px) and (max-width: 980px) 980px, (min-width: 981px) 1024px, 100vw\" \/><\/figure>\n\n\n\n<figure class=\"wp-block-image size-large\"><img loading=\"lazy\" decoding=\"async\" width=\"1024\" height=\"768\" data-id=\"13546\" src=\"https:\/\/emaus18.pl\/wp-content\/uploads\/2026\/03\/02-8.jpg\" alt=\"\" class=\"wp-image-13546\" srcset=\"https:\/\/emaus18.pl\/wp-content\/uploads\/2026\/03\/02-8.jpg 1024w, https:\/\/emaus18.pl\/wp-content\/uploads\/2026\/03\/02-8-980x735.jpg 980w, https:\/\/emaus18.pl\/wp-content\/uploads\/2026\/03\/02-8-480x360.jpg 480w\" sizes=\"(min-width: 0px) and (max-width: 480px) 480px, (min-width: 481px) and (max-width: 980px) 980px, (min-width: 981px) 1024px, 100vw\" \/><\/figure>\n\n\n\n<figure class=\"wp-block-image size-large\"><img loading=\"lazy\" decoding=\"async\" width=\"1024\" height=\"768\" data-id=\"13547\" src=\"https:\/\/emaus18.pl\/wp-content\/uploads\/2026\/03\/03-6.jpg\" alt=\"\" class=\"wp-image-13547\" srcset=\"https:\/\/emaus18.pl\/wp-content\/uploads\/2026\/03\/03-6.jpg 1024w, https:\/\/emaus18.pl\/wp-content\/uploads\/2026\/03\/03-6-980x735.jpg 980w, https:\/\/emaus18.pl\/wp-content\/uploads\/2026\/03\/03-6-480x360.jpg 480w\" sizes=\"(min-width: 0px) and (max-width: 480px) 480px, (min-width: 481px) and (max-width: 980px) 980px, (min-width: 981px) 1024px, 100vw\" \/><\/figure>\n\n\n\n<figure class=\"wp-block-image size-large\"><img loading=\"lazy\" decoding=\"async\" width=\"1024\" height=\"768\" data-id=\"13543\" src=\"https:\/\/emaus18.pl\/wp-content\/uploads\/2026\/03\/04-6.jpg\" alt=\"\" class=\"wp-image-13543\" srcset=\"https:\/\/emaus18.pl\/wp-content\/uploads\/2026\/03\/04-6.jpg 1024w, https:\/\/emaus18.pl\/wp-content\/uploads\/2026\/03\/04-6-980x735.jpg 980w, https:\/\/emaus18.pl\/wp-content\/uploads\/2026\/03\/04-6-480x360.jpg 480w\" sizes=\"(min-width: 0px) and (max-width: 480px) 480px, (min-width: 481px) and (max-width: 980px) 980px, (min-width: 981px) 1024px, 100vw\" \/><\/figure>\n\n\n\n<figure class=\"wp-block-image size-large\"><img loading=\"lazy\" decoding=\"async\" width=\"1024\" height=\"768\" data-id=\"13544\" src=\"https:\/\/emaus18.pl\/wp-content\/uploads\/2026\/03\/05-5.jpg\" alt=\"\" class=\"wp-image-13544\" srcset=\"https:\/\/emaus18.pl\/wp-content\/uploads\/2026\/03\/05-5.jpg 1024w, https:\/\/emaus18.pl\/wp-content\/uploads\/2026\/03\/05-5-980x735.jpg 980w, https:\/\/emaus18.pl\/wp-content\/uploads\/2026\/03\/05-5-480x360.jpg 480w\" sizes=\"(min-width: 0px) and (max-width: 480px) 480px, (min-width: 481px) and (max-width: 980px) 980px, (min-width: 981px) 1024px, 100vw\" \/><\/figure>\n\n\n\n<figure class=\"wp-block-image size-large\"><img loading=\"lazy\" decoding=\"async\" width=\"768\" height=\"1024\" data-id=\"13548\" src=\"https:\/\/emaus18.pl\/wp-content\/uploads\/2026\/03\/06-4.jpg\" alt=\"\" class=\"wp-image-13548\" srcset=\"https:\/\/emaus18.pl\/wp-content\/uploads\/2026\/03\/06-4.jpg 768w, https:\/\/emaus18.pl\/wp-content\/uploads\/2026\/03\/06-4-480x640.jpg 480w\" sizes=\"(min-width: 0px) and (max-width: 480px) 480px, (min-width: 481px) 768px, 100vw\" \/><\/figure>\n\n\n\n<figure class=\"wp-block-image size-large\"><img loading=\"lazy\" decoding=\"async\" width=\"768\" height=\"1024\" data-id=\"13545\" src=\"https:\/\/emaus18.pl\/wp-content\/uploads\/2026\/03\/07-4.jpg\" alt=\"\" class=\"wp-image-13545\" srcset=\"https:\/\/emaus18.pl\/wp-content\/uploads\/2026\/03\/07-4.jpg 768w, https:\/\/emaus18.pl\/wp-content\/uploads\/2026\/03\/07-4-480x640.jpg 480w\" sizes=\"(min-width: 0px) and (max-width: 480px) 480px, (min-width: 481px) 768px, 100vw\" \/><\/figure>\n<\/figure>\n","protected":false},"excerpt":{"rendered":"<p>Nasz udzia\u0142 na Targach Pracy i Przedsi\u0119biorczo\u015bci zako\u0144czy\u0142 si\u0119 sukcesem! Wszystkie ulotki zosta\u0142y rozdane, a podczas wydarzenia odby\u0142o si\u0119 wiele r\u00f3\u017cnorodnych i ciekawych rozm\u00f3w \u2013 nie tylko na tematy zwi\u0105zane z prac\u0105. By\u0142a to \u015bwietna okazja do spotka\u0144, wymiany do\u015bwiadcze\u0144 i inspiruj\u0105cych dyskusji. Ewa i Gosia wraz z Panem Grzegorzem spisali si\u0119 znakomicie, reprezentuj\u0105c nas [&hellip;]<\/p>\n","protected":false},"author":2,"featured_media":13542,"comment_status":"closed","ping_status":"closed","sticky":false,"template":"","format":"standard","meta":{"_et_pb_use_builder":"off","_et_pb_old_content":"","_et_gb_content_width":"1080","footnotes":""},"categories":[4],"tags":[],"class_list":["post-13540","post","type-post","status-publish","format-standard","has-post-thumbnail","hentry","category-aktualnosci"],"_links":{"self":[{"href":"https:\/\/emaus18.pl\/index.php?rest_route=\/wp\/v2\/posts\/13540","targetHints":{"allow":["GET"]}}],"collection":[{"href":"https:\/\/emaus18.pl\/index.php?rest_route=\/wp\/v2\/posts"}],"about":[{"href":"https:\/\/emaus18.pl\/index.php?rest_route=\/wp\/v2\/types\/post"}],"author":[{"embeddable":true,"href":"https:\/\/emaus18.pl\/index.php?rest_route=\/wp\/v2\/users\/2"}],"replies":[{"embeddable":true,"href":"https:\/\/emaus18.pl\/index.php?rest_route=%2Fwp%2Fv2%2Fcomments&post=13540"}],"version-history":[{"count":2,"href":"https:\/\/emaus18.pl\/index.php?rest_route=\/wp\/v2\/posts\/13540\/revisions"}],"predecessor-version":[{"id":13549,"href":"https:\/\/emaus18.pl\/index.php?rest_route=\/wp\/v2\/posts\/13540\/revisions\/13549"}],"wp:featuredmedia":[{"embeddable":true,"href":"https:\/\/emaus18.pl\/index.php?rest_route=\/wp\/v2\/media\/13542"}],"wp:attachment":[{"href":"https:\/\/emaus18.pl\/index.php?rest_route=%2Fwp%2Fv2%2Fmedia&parent=13540"}],"wp:term":[{"taxonomy":"category","embeddable":true,"href":"https:\/\/emaus18.pl\/index.php?rest_route=%2Fwp%2Fv2%2Fcategories&post=13540"},{"taxonomy":"post_tag","embeddable":true,"href":"https:\/\/emaus18.pl\/index.php?rest_route=%2Fwp%2Fv2%2Ftags&post=13540"}],"curies":[{"name":"wp","href":"https:\/\/api.w.org\/{rel}","templated":true}]}}