{"id":13531,"date":"2026-03-11T07:41:49","date_gmt":"2026-03-11T06:41:49","guid":{"rendered":"https:\/\/emaus18.pl\/?p=13531"},"modified":"2026-03-11T07:41:53","modified_gmt":"2026-03-11T06:41:53","slug":"targi-pracy-i-przedsiebiorczosci","status":"publish","type":"post","link":"https:\/\/emaus18.pl\/?p=13531","title":{"rendered":"Targi Pracy i Przedsi\u0119biorczo\u015bci"},"content":{"rendered":"\n<p>Dzi\u015b zapraszamy Was serdecznie na Targi Pracy i Przedsi\u0119biorczo\u015bci w TAURON Arenie Krak\u00f3w!<\/p>\n\n\n\n<figure class=\"wp-block-image\"><img loading=\"lazy\" decoding=\"async\" width=\"16\" height=\"16\" src=\"https:\/\/emaus18.pl\/wp-content\/uploads\/2026\/03\/1f389.png\" alt=\"\ud83c\udf89\" class=\"wp-image-13535\"\/><\/figure>\n\n\n\n<p>Na miejscu b\u0119dziecie mogli odwiedzi\u0107 nasze stoisko, gdzie spotkacie:<\/p>\n\n\n\n<figure class=\"wp-block-image\"><img loading=\"lazy\" decoding=\"async\" width=\"16\" height=\"16\" src=\"https:\/\/emaus18.pl\/wp-content\/uploads\/2026\/03\/1f449.png\" alt=\"\ud83d\udc49\" class=\"wp-image-13536\"\/><\/figure>\n\n\n\n<p>Ew\u0119<\/p>\n\n\n\n<figure class=\"wp-block-image\"><img loading=\"lazy\" decoding=\"async\" width=\"16\" height=\"16\" src=\"https:\/\/emaus18.pl\/wp-content\/uploads\/2026\/03\/1f449.png\" alt=\"\ud83d\udc49\" class=\"wp-image-13536\"\/><\/figure>\n\n\n\n<p>Gosi\u0119<\/p>\n\n\n\n<figure class=\"wp-block-image\"><img loading=\"lazy\" decoding=\"async\" width=\"16\" height=\"16\" src=\"https:\/\/emaus18.pl\/wp-content\/uploads\/2026\/03\/1f449.png\" alt=\"\ud83d\udc49\" class=\"wp-image-13536\"\/><\/figure>\n\n\n\n<p>Pana Grzegorza Ch\u0119tnie porozmawiamy, odpowiemy na pytania i opowiemy wi\u0119cej o naszej dzia\u0142alno\u015bci. Je\u015bli jeste\u015bcie dzi\u015b na targach \u2013 koniecznie wpadnijcie si\u0119 przywita\u0107!<\/p>\n\n\n\n<figure class=\"wp-block-image\"><img loading=\"lazy\" decoding=\"async\" width=\"16\" height=\"16\" src=\"https:\/\/emaus18.pl\/wp-content\/uploads\/2026\/03\/1f60a-1.png\" alt=\"\ud83d\ude0a\" class=\"wp-image-13537\"\/><\/figure>\n\n\n\n<p>Serdecznie dzi\u0119kujemy GUP Krak\u00f3w za zaproszenie i mo\u017cliwo\u015b\u0107 udzia\u0142u w tym wydarzeniu. Do zobaczenia na targach!<\/p>\n\n\n\n<figure class=\"wp-block-image\"><img loading=\"lazy\" decoding=\"async\" width=\"16\" height=\"16\" src=\"https:\/\/emaus18.pl\/wp-content\/uploads\/2026\/03\/1f44b.png\" alt=\"\ud83d\udc4b\" class=\"wp-image-13534\"\/><\/figure>\n\n\n\n<figure class=\"wp-block-image size-full\"><img loading=\"lazy\" decoding=\"async\" width=\"1000\" height=\"388\" src=\"https:\/\/emaus18.pl\/wp-content\/uploads\/2026\/03\/01-9.jpg\" alt=\"\" class=\"wp-image-13533\" srcset=\"https:\/\/emaus18.pl\/wp-content\/uploads\/2026\/03\/01-9.jpg 1000w, https:\/\/emaus18.pl\/wp-content\/uploads\/2026\/03\/01-9-980x380.jpg 980w, https:\/\/emaus18.pl\/wp-content\/uploads\/2026\/03\/01-9-480x186.jpg 480w\" sizes=\"(min-width: 0px) and (max-width: 480px) 480px, (min-width: 481px) and (max-width: 980px) 980px, (min-width: 981px) 1000px, 100vw\" \/><\/figure>\n","protected":false},"excerpt":{"rendered":"<p>Dzi\u015b zapraszamy Was serdecznie na Targi Pracy i Przedsi\u0119biorczo\u015bci w TAURON Arenie Krak\u00f3w! Na miejscu b\u0119dziecie mogli odwiedzi\u0107 nasze stoisko, gdzie spotkacie: Ew\u0119 Gosi\u0119 Pana Grzegorza Ch\u0119tnie porozmawiamy, odpowiemy na pytania i opowiemy wi\u0119cej o naszej dzia\u0142alno\u015bci. Je\u015bli jeste\u015bcie dzi\u015b na targach \u2013 koniecznie wpadnijcie si\u0119 przywita\u0107! Serdecznie dzi\u0119kujemy GUP Krak\u00f3w za zaproszenie i mo\u017cliwo\u015b\u0107 [&hellip;]<\/p>\n","protected":false},"author":2,"featured_media":13533,"comment_status":"closed","ping_status":"closed","sticky":false,"template":"","format":"standard","meta":{"_et_pb_use_builder":"off","_et_pb_old_content":"","_et_gb_content_width":"1080","footnotes":""},"categories":[4],"tags":[],"class_list":["post-13531","post","type-post","status-publish","format-standard","has-post-thumbnail","hentry","category-aktualnosci"],"_links":{"self":[{"href":"https:\/\/emaus18.pl\/index.php?rest_route=\/wp\/v2\/posts\/13531","targetHints":{"allow":["GET"]}}],"collection":[{"href":"https:\/\/emaus18.pl\/index.php?rest_route=\/wp\/v2\/posts"}],"about":[{"href":"https:\/\/emaus18.pl\/index.php?rest_route=\/wp\/v2\/types\/post"}],"author":[{"embeddable":true,"href":"https:\/\/emaus18.pl\/index.php?rest_route=\/wp\/v2\/users\/2"}],"replies":[{"embeddable":true,"href":"https:\/\/emaus18.pl\/index.php?rest_route=%2Fwp%2Fv2%2Fcomments&post=13531"}],"version-history":[{"count":2,"href":"https:\/\/emaus18.pl\/index.php?rest_route=\/wp\/v2\/posts\/13531\/revisions"}],"predecessor-version":[{"id":13538,"href":"https:\/\/emaus18.pl\/index.php?rest_route=\/wp\/v2\/posts\/13531\/revisions\/13538"}],"wp:featuredmedia":[{"embeddable":true,"href":"https:\/\/emaus18.pl\/index.php?rest_route=\/wp\/v2\/media\/13533"}],"wp:attachment":[{"href":"https:\/\/emaus18.pl\/index.php?rest_route=%2Fwp%2Fv2%2Fmedia&parent=13531"}],"wp:term":[{"taxonomy":"category","embeddable":true,"href":"https:\/\/emaus18.pl\/index.php?rest_route=%2Fwp%2Fv2%2Fcategories&post=13531"},{"taxonomy":"post_tag","embeddable":true,"href":"https:\/\/emaus18.pl\/index.php?rest_route=%2Fwp%2Fv2%2Ftags&post=13531"}],"curies":[{"name":"wp","href":"https:\/\/api.w.org\/{rel}","templated":true}]}}